{"id":9795,"date":"2024-05-25T18:19:10","date_gmt":"2024-05-25T18:19:10","guid":{"rendered":"https:\/\/ladepeche.mr\/?p=9795"},"modified":"2024-05-25T18:19:47","modified_gmt":"2024-05-25T18:19:47","slug":"journee-africaine-du-25-mai-message-du-president-mohamed-ghazouani-president-de-la-rim-president-en-exercice-de-lua","status":"publish","type":"post","link":"https:\/\/ladepeche.mr\/?p=9795","title":{"rendered":"Journ\u00e9e africaine du 25 mai:  message du pr\u00e9sident Mohamed Ghazouani, pr\u00e9sident de la RIM, pr\u00e9sident en exercice de l\u2019Ua"},"content":{"rendered":"<div class=\"Vd2cB\">\n<div class=\"VhLpLd\">\n<div class=\"dHn2d\">\n<div class=\"IoGNdb Zc0jMc dlaWib\" dir=\"ltr\">\n<div>&#8211; Ch\u00e8res africaines, chers africains,<\/div>\n<div>&#8211; S\u0153urs et Fr\u00e8res, d\u2019ici et de la diaspora<\/div>\n<div>En ce 25 mai, journ\u00e9e de l\u2019Afrique, comm\u00e9morant la naissance de notre organisation continentale, je vous adresse mes v\u0153ux les meilleurs de paix durable, de prosp\u00e9rit\u00e9 partag\u00e9e et de succ\u00e8s \u00e9clatants sur le chemin du progr\u00e8s.<\/div>\n<div>Cet \u00e9v\u00e9nement marquant est l\u2019occasion de rendre hommage aux p\u00e8res fondateurs dont la vision continue de nourrir la r\u00e9flexion sur notre destin commun et d\u2019impulser notre action pour donner corps \u00e0 notre esp\u00e9rance collective. En mettant en avant les principes de solidarit\u00e9, d\u2019unit\u00e9 et d\u2019int\u00e9gration, ils nous ont balis\u00e9 la voie idoine, celle de l\u2019esp\u00e9rance.<\/div>\n<div>Ils ont en particulier montr\u00e9 la forte corr\u00e9lation entre les d\u00e9fis qui nous interpellent : la paix, la stabilit\u00e9, la s\u00e9curit\u00e9, la d\u00e9mocratie, la souverainet\u00e9, la coop\u00e9ration, l\u2019int\u00e9gration et le d\u00e9veloppement.<\/div>\n<div>Mettre, en l\u2019occurrence, en perspective ces probl\u00e9matiques et les traiter, nous permettront, ensemble, de construire \u00ab l\u2019Afrique que nous voulons \u00bb, celle que souhaitaient , avec forte conviction, les pionniers du panafricanisme, notre double source de r\u00e9f\u00e9rence et d\u2019inspiration.<\/div>\n<div>Il y a 61 ans, en effet, ces pionniers ont pos\u00e9 les fondamentaux de cet id\u00e9al partag\u00e9 qui doit plus que jamais nous servir de boussole dans un monde en crise et en pleine mutation.<\/div>\n<div>Depuis le passage de l&#8217;OUA en Union Africaine en 2002 \u00e0 Durban, nous avons consolid\u00e9 l&#8217;h\u00e9ritage de nos pr\u00e9d\u00e9cesseurs. Nous avons lib\u00e9r\u00e9 notre continent du colonialisme, \u00e9radiqu\u00e9 l&#8217;apartheid et r\u00e9solu de nombreux diff\u00e9rends frontaliers par des moyens pacifiques.<\/div>\n<div>Malgr\u00e9, ces \u00e9claircies, ces lueurs d\u2019espoir, que de chemin reste \u00e0 parcourir sur la voie de la souverainet\u00e9 totale, du d\u00e9veloppement et de la paix.<\/div>\n<div>Cette ann\u00e9e, notre c\u00e9l\u00e9bration met un accent particulier sur la jeunesse et l&#8217;\u00e9ducation, th\u00e8mes centraux de notre agenda 2063. Notre jeunesse est notre plus grande richesse. C&#8217;est elle qui portera l&#8217;avenir de notre continent. Investir dans l&#8217;\u00e9ducation, c&#8217;est garantir que chaque jeune Africain ait les comp\u00e9tences et les opportunit\u00e9s n\u00e9cessaires pour contribuer au d\u00e9veloppement de notre continent. Nous devrions renforcer nos syst\u00e8mes \u00e9ducatifs, promouvoir l&#8217;innovation et la recherche, et cr\u00e9er des opportunit\u00e9s d&#8217;emploi pour nos jeunes.<\/div>\n<div>Dans le cadre de l&#8217;Agenda 2063, notre vision pour une Afrique int\u00e9gr\u00e9e, prosp\u00e8re et pacifique se concr\u00e9tise \u00e0 travers des initiatives clefs comme le Nouveau Partenariat pour le D\u00e9veloppement de l&#8217;Afrique (NEPAD) et la Zone de Libre-\u00c9change Continentale Africaine (ZLECAF). Ces leviers sont essentiels pour stimuler la croissance \u00e9conomique, attirer les investissements et cr\u00e9er des emplois durables pour nos populations.<\/div>\n<div>En parall\u00e8le, nous faisons face \u00e0 des d\u00e9fis globaux qui n\u00e9cessitent notre attention et notre action collective. La paix et la s\u00e9curit\u00e9 r\u00e9gionales sont des pr\u00e9requis pour tout d\u00e9veloppement durable. Nous devons intensifier nos efforts pour lutter contre le terrorisme et les conflits arm\u00e9s, et promouvoir la stabilit\u00e9 politique.<\/div>\n<div>Les droits de l&#8217;homme, la protection de l&#8217;environnement et la lutte contre les changements climatiques sont \u00e9galement au c\u0153ur de notre action commune.<\/div>\n<div>La souverainet\u00e9 alimentaire est un autre pilier essentiel. Nous devons travailler \u00e0 garantir que chaque Africain ait acc\u00e8s \u00e0 une alimentation suffisante, s\u00fbre et nutritive. Cela passe par le soutien \u00e0 l&#8217;agriculture, l&#8217;innovation \u00a0et la r\u00e9silience face aux crises climatiques.<\/div>\n<div>Sur le plan international, nous devons plaider pour une r\u00e9forme de la gouvernance mondiale, tant politique que financi\u00e8re. Nos voix doivent \u00eatre entendues dans les instances internationales, et les r\u00e8gles du jeu doivent \u00eatre \u00e9quitables pour permettre un d\u00e9veloppement inclusif et durable de notre continent.<\/div>\n<div>L&#8217;inclusion sociale et \u00e9conomique, en particulier des jeunes et des femmes, est cruciale. Nous devrions lutter contre toutes les formes de discrimination et cr\u00e9er des opportunit\u00e9s \u00e9gales pour tous.<\/div>\n<div>Ces d\u00e9fis nous rappellent l&#8217;importance de l&#8217;entraide et de la solidarit\u00e9. Ensemble, nous pouvons surmonter ces obstacles et construire un avenir prosp\u00e8re pour notre continent.<\/div>\n<div>Je vous appelle toutes et tous \u00e0 unir vos forces et vos talents pour b\u00e2tir l&#8217;Afrique de demain. Une Afrique dot\u00e9e d&#8217;infrastructures modernes, d&#8217;une \u00e9conomie dynamique et inclusive, et d&#8217;une soci\u00e9t\u00e9 juste et \u00e9quitable. Une Afrique o\u00f9 chaque jeune, chaque femme, chaque citoyen peut r\u00e9aliser son plein potentiel.<\/div>\n<div>Ne nous m\u00e9prenons pas : notre continent est riche de sa diversit\u00e9, de la jeunesse de sa population et de son dynamisme, des ressources de son sol et sous-sol, de ressources humaines hautement qualifi\u00e9es et d\u2019une diaspora engag\u00e9e.<\/div>\n<div>Mais nous ne sommes forts qu\u2019en sachant nous rassembler face \u00e0 l\u2019adversit\u00e9 et \u00e0 la redoutable convergence des d\u00e9fis qui nous assaillent.<\/div>\n<div>Ensemble, poursuivons notre chemin vers une Afrique forte, unie et prosp\u00e8re. C\u2019est de notre solidarit\u00e9 que naitra cette Afrique, imagin\u00e9e il y a plus d\u2019un demi-si\u00e8cle par les fondateurs panafricanistes.<\/div>\n<div>Vive l\u2019Afrique souveraine et forte !<\/div>\n<div>Vive l\u2019Union Africaine, notre vaisseau collectif !<\/div>\n<div>Vive l\u2019unit\u00e9 africaine, notre salut !<\/div>\n<div style=\"text-align: left;\">Nouakchott, le 25 mai 2024<\/div>\n<\/div>\n<\/div>\n<\/div>\n<\/div>\n<div><\/div>\n<div class=\"Vd2cB\">\n<div class=\"VhLpLd\">\n<div class=\"dHn2d\"><\/div>\n<\/div>\n<\/div>\n","protected":false},"excerpt":{"rendered":"<p>&#8211; Ch\u00e8res africaines, chers africains, &#8211; S\u0153urs et Fr\u00e8res, d\u2019ici et de la diaspora En ce 25 mai, journ\u00e9e de l\u2019Afrique, comm\u00e9morant la naissance de notre organisation continentale, je vous adresse mes v\u0153ux les meilleurs de paix durable, de prosp\u00e9rit\u00e9 partag\u00e9e et de succ\u00e8s \u00e9clatants sur le chemin du progr\u00e8s. Cet \u00e9v\u00e9nement marquant est l\u2019occasion &hellip;<\/p>\n","protected":false},"author":2,"featured_media":8417,"comment_status":"open","ping_status":"open","sticky":false,"template":"","format":"standard","meta":{"footnotes":""},"categories":[18,29],"tags":[],"class_list":["post-9795","post","type-post","status-publish","format-standard","has-post-thumbnail","hentry","category-actualites","category-monde"],"_links":{"self":[{"href":"https:\/\/ladepeche.mr\/index.php?rest_route=\/wp\/v2\/posts\/9795","targetHints":{"allow":["GET"]}}],"collection":[{"href":"https:\/\/ladepeche.mr\/index.php?rest_route=\/wp\/v2\/posts"}],"about":[{"href":"https:\/\/ladepeche.mr\/index.php?rest_route=\/wp\/v2\/types\/post"}],"author":[{"embeddable":true,"href":"https:\/\/ladepeche.mr\/index.php?rest_route=\/wp\/v2\/users\/2"}],"replies":[{"embeddable":true,"href":"https:\/\/ladepeche.mr\/index.php?rest_route=%2Fwp%2Fv2%2Fcomments&post=9795"}],"version-history":[{"count":2,"href":"https:\/\/ladepeche.mr\/index.php?rest_route=\/wp\/v2\/posts\/9795\/revisions"}],"predecessor-version":[{"id":9797,"href":"https:\/\/ladepeche.mr\/index.php?rest_route=\/wp\/v2\/posts\/9795\/revisions\/9797"}],"wp:featuredmedia":[{"embeddable":true,"href":"https:\/\/ladepeche.mr\/index.php?rest_route=\/wp\/v2\/media\/8417"}],"wp:attachment":[{"href":"https:\/\/ladepeche.mr\/index.php?rest_route=%2Fwp%2Fv2%2Fmedia&parent=9795"}],"wp:term":[{"taxonomy":"category","embeddable":true,"href":"https:\/\/ladepeche.mr\/index.php?rest_route=%2Fwp%2Fv2%2Fcategories&post=9795"},{"taxonomy":"post_tag","embeddable":true,"href":"https:\/\/ladepeche.mr\/index.php?rest_route=%2Fwp%2Fv2%2Ftags&post=9795"}],"curies":[{"name":"wp","href":"https:\/\/api.w.org\/{rel}","templated":true}]}}