{"id":9802,"date":"2024-05-25T20:50:02","date_gmt":"2024-05-25T20:50:02","guid":{"rendered":"https:\/\/ladepeche.mr\/?p=9802"},"modified":"2024-05-25T20:50:02","modified_gmt":"2024-05-25T20:50:02","slug":"maroc-sahara-la-zambie-reitere-son-soutien-a-lintegrite-territoriale-du-maroc-et-au-plan-dautonomie-communique-conjoint","status":"publish","type":"post","link":"https:\/\/ladepeche.mr\/?p=9802","title":{"rendered":"Maroc-Sahara-La Zambie r\u00e9it\u00e8re son soutien \u00e0 l&#8217;int\u00e9grit\u00e9 territoriale du Maroc et au plan d\u2019autonomie (communiqu\u00e9 conjoint)"},"content":{"rendered":"<div>La R\u00e9publique de Zambie a r\u00e9it\u00e9r\u00e9, vendredi 24 mai courant \u00e0 Rabat, son soutien \u00e0 l&#8217;int\u00e9grit\u00e9 territoriale et \u00e0 la souverainet\u00e9 du Maroc sur l&#8217;ensemble de son territoire, y compris le Sahara, soulignant la pertinence du plan marocain d&#8217;autonomie comme la seule solution &#8220;cr\u00e9dible, s\u00e9rieuse et r\u00e9aliste&#8221;.<\/div>\n<div><\/div>\n<div>Cette position a \u00e9t\u00e9 exprim\u00e9e dans un communiqu\u00e9 conjoint publi\u00e9 \u00e0 l&#8217;issue des entretiens du ministre des Affaires \u00e9trang\u00e8res, de la Coop\u00e9ration africaine et des Marocains r\u00e9sidant \u00e0 l&#8217;\u00e9tranger, Nasser Bourita, avec le ministre zambien de la Justice et ministre par int\u00e9rim des Affaires \u00e9trang\u00e8res et de la Coop\u00e9ration internationale, Mulambo Haimbe.<\/div>\n<div><\/div>\n<div>Dans ce communiqu\u00e9, M. Haimbe a r\u00e9it\u00e9r\u00e9 le &#8220;plein soutien&#8221; de son pays au plan d\u2019autonomie pr\u00e9sent\u00e9 par le Royaume du Maroc et a mis l&#8217;accent sur sa pertinence comme la seule solution &#8220;cr\u00e9dible, s\u00e9rieuse et r\u00e9aliste&#8221;.<\/div>\n<div><\/div>\n<div>Le responsable zambien a \u00e9galement salu\u00e9 les efforts des Nations Unies en tant que cadre exclusif pour parvenir \u00e0 une solution r\u00e9aliste, pratique et durable au diff\u00e9rend autour du Sahara marocain.<\/div>\n<div><\/div>\n<div>Saluant la &#8220;valeur positive&#8221; de cette d\u00e9cision, M. Bourita s\u2019est f\u00e9licit\u00e9 de &#8220;l&#8217;\u00e9volution positive&#8221; des relations entre les deux pays fr\u00e8res au fil des ann\u00e9es avec l&#8217;ouverture, en octobre 2020, de l&#8217;ambassade de Zambie \u00e0 Rabat et de son consulat g\u00e9n\u00e9ral \u00e0 La\u00e2youne, ainsi que sa participation, le 15 janvier 2021, \u00e0 la Conf\u00e9rence minist\u00e9rielle de Soutien \u00e0 l&#8217;Initiative d&#8217;autonomie sous la Souverainet\u00e9 du Royaume, organis\u00e9e \u00e0 l&#8217;invitation du Maroc et des \u00c9tats-Unis d&#8217;Am\u00e9rique.<\/div>\n","protected":false},"excerpt":{"rendered":"<p>La R\u00e9publique de Zambie a r\u00e9it\u00e9r\u00e9, vendredi 24 mai courant \u00e0 Rabat, son soutien \u00e0 l&#8217;int\u00e9grit\u00e9 territoriale et \u00e0 la souverainet\u00e9 du Maroc sur l&#8217;ensemble de son territoire, y compris le Sahara, soulignant la pertinence du plan marocain d&#8217;autonomie comme la seule solution &#8220;cr\u00e9dible, s\u00e9rieuse et r\u00e9aliste&#8221;. Cette position a \u00e9t\u00e9 exprim\u00e9e dans un communiqu\u00e9 &hellip;<\/p>\n","protected":false},"author":2,"featured_media":9803,"comment_status":"open","ping_status":"open","sticky":false,"template":"","format":"standard","meta":{"footnotes":""},"categories":[18,29],"tags":[],"class_list":["post-9802","post","type-post","status-publish","format-standard","has-post-thumbnail","hentry","category-actualites","category-monde"],"_links":{"self":[{"href":"https:\/\/ladepeche.mr\/index.php?rest_route=\/wp\/v2\/posts\/9802","targetHints":{"allow":["GET"]}}],"collection":[{"href":"https:\/\/ladepeche.mr\/index.php?rest_route=\/wp\/v2\/posts"}],"about":[{"href":"https:\/\/ladepeche.mr\/index.php?rest_route=\/wp\/v2\/types\/post"}],"author":[{"embeddable":true,"href":"https:\/\/ladepeche.mr\/index.php?rest_route=\/wp\/v2\/users\/2"}],"replies":[{"embeddable":true,"href":"https:\/\/ladepeche.mr\/index.php?rest_route=%2Fwp%2Fv2%2Fcomments&post=9802"}],"version-history":[{"count":1,"href":"https:\/\/ladepeche.mr\/index.php?rest_route=\/wp\/v2\/posts\/9802\/revisions"}],"predecessor-version":[{"id":9804,"href":"https:\/\/ladepeche.mr\/index.php?rest_route=\/wp\/v2\/posts\/9802\/revisions\/9804"}],"wp:featuredmedia":[{"embeddable":true,"href":"https:\/\/ladepeche.mr\/index.php?rest_route=\/wp\/v2\/media\/9803"}],"wp:attachment":[{"href":"https:\/\/ladepeche.mr\/index.php?rest_route=%2Fwp%2Fv2%2Fmedia&parent=9802"}],"wp:term":[{"taxonomy":"category","embeddable":true,"href":"https:\/\/ladepeche.mr\/index.php?rest_route=%2Fwp%2Fv2%2Fcategories&post=9802"},{"taxonomy":"post_tag","embeddable":true,"href":"https:\/\/ladepeche.mr\/index.php?rest_route=%2Fwp%2Fv2%2Ftags&post=9802"}],"curies":[{"name":"wp","href":"https:\/\/api.w.org\/{rel}","templated":true}]}}