{"id":9809,"date":"2024-05-27T20:12:57","date_gmt":"2024-05-27T20:12:57","guid":{"rendered":"https:\/\/ladepeche.mr\/?p=9809"},"modified":"2024-05-27T20:12:57","modified_gmt":"2024-05-27T20:12:57","slug":"mauritanie-lue-repond-au-nouvel-afflux-de-refugies-maliens","status":"publish","type":"post","link":"https:\/\/ladepeche.mr\/?p=9809","title":{"rendered":"Mauritanie : L&#8217;UE r\u00e9pond au nouvel afflux de r\u00e9fugi\u00e9s maliens"},"content":{"rendered":"<p class=\"s11\"><span class=\"s12\">Nouakchott<\/span><span class=\"s12\">, le <\/span><span class=\"s12\">2<\/span><span class=\"s12\">3<\/span><span class=\"s12\"> mai<\/span> <span class=\"s12\">202<\/span><span class=\"s12\">4- <\/span><span class=\"s13\">En r\u00e9ponse <\/span><span class=\"s13\">\u00e0 l\u2019urgence humanitaire <\/span><span class=\"s13\">dans la <\/span><span class=\"s13\">r\u00e9gion d<\/span><span class=\"s13\">u <\/span><span class=\"s13\">Hodh<\/span><span class=\"s13\"> El <\/span><span class=\"s13\">Chargui<\/span><span class=\"s13\">, <\/span><span class=\"s13\">provoqu\u00e9e par<\/span> <span class=\"s13\">une nouvelle vague <\/span><span class=\"s13\">massive <\/span><span class=\"s13\">de d\u00e9placements vers la Mauritanie<\/span><span class=\"s13\">,<\/span><span class=\"s13\">caus\u00e9e par<\/span><span class=\"s13\"> la situation s\u00e9curitaire complexe <\/span><span class=\"s13\">a<\/span><span class=\"s13\">u <\/span><span class=\"s13\">Mali<\/span><span class=\"s13\">voisin<\/span><span class=\"s13\">,<\/span><span class=\"s13\"> l&#8217;Union europ\u00e9enne<\/span><span class=\"s13\"> (UE)<\/span><span class=\"s13\"> a d\u00e9bloqu\u00e9 <\/span><span class=\"s13\">une enveloppe de<\/span> <span class=\"s13\">20<\/span><span class=\"s13\">0.000 \u20ac<\/span><span class=\"s13\"> (<\/span><span class=\"s13\">plus de <\/span><span class=\"s13\">8 millions MRU<\/span><span class=\"s13\">)<\/span> <span class=\"s13\">en fonds humanitaires.<\/span><\/p>\n<p class=\"s11\">\n<p class=\"s11\"><span class=\"s13\">Ce<\/span><span class=\"s13\"> financement <\/span><span class=\"s13\">europ\u00e9en permettr<\/span><span class=\"s13\">a<\/span><span class=\"s13\"> \u00e0 la Croix Rouge <\/span><span class=\"s13\">de fournir une aide <\/span><span class=\"s13\">hu<\/span><span class=\"s13\">manitaire aux populations les plus vuln\u00e9rables<\/span><span class=\"s13\">,<\/span> <span class=\"s13\">par le biais d&#8217;une aide financi\u00e8re polyvalente et de la distribution d&#8217;articles de premi\u00e8re n\u00e9cessit\u00e9<\/span><span class=\"s13\">, notamment des kits d\u2019hygi\u00e8ne<\/span><span class=\"s13\">, <\/span><span class=\"s13\">mais \u00e9galement <\/span><span class=\"s13\">des abris<\/span><span class=\"s13\"> et des mesures de protection<\/span><span class=\"s13\"> sur une p\u00e9riode de 5 mois.<\/span><\/p>\n<p class=\"s11\">\n<p class=\"s11\"><span class=\"s13\">L\u2019aide humanitaire<\/span><span class=\"s13\"> accord\u00e9e<\/span> <span class=\"s13\">vise \u00e0 contribuer \u00e0 l&#8217;am\u00e9lioration des conditions de vie de 1<\/span> <span class=\"s13\">500 familles<\/span><span class=\"s13\">, <\/span><span class=\"s13\">r\u00e9fugi\u00e9s<\/span><span class=\"s13\"> et<\/span><span class=\"s13\"> retourn\u00e9s<\/span><span class=\"s13\">,<\/span><span class=\"s13\"> et des communaut\u00e9s h\u00f4tes, soit 9<\/span> <span class=\"s13\">000 personnes en assistance directe et 30 000 personnes en assistance indirecte dans les d\u00e9partements de <\/span><span class=\"s13\">Bassikounou<\/span><span class=\"s13\"> et Adel <\/span><span class=\"s13\">Bagrou<\/span><span class=\"s13\">.<\/span><\/p>\n<p class=\"s11\">\n<p class=\"s11\"><span class=\"s13\">Ce financement s\u2019inscrit dans le cadre de la contribution globale de l\u2019UE au Fonds d\u2019urgence <\/span><span class=\"s13\">d<\/span><span class=\"s13\">es r\u00e9ponses aux catastrophes (DREF) de la F\u00e9d\u00e9ration internationale des soci\u00e9t\u00e9s de la Croix-Rouge et du Croissant-Rouge (FICR).<\/span><\/p>\n<p class=\"s11\">\n<p class=\"s11\"><span class=\"s13\">Au Mali, l\u2019intensification des violences<\/span><span class=\"s13\"> par diff\u00e9rents acteurs arm\u00e9s,<\/span> <span class=\"s13\">la contre-offensive des forces arm\u00e9es maliennes et le retrait de la Mission multidimensionnelle int\u00e9gr\u00e9e des Nations unies pour la stabilisation au Mali (MINUSMA)<\/span><span class=\"s13\"> ont<\/span><span class=\"s13\"> engendr\u00e9 de nouvelles vagues de d\u00e9placements forc\u00e9s vers la Mauritanie<\/span><span class=\"s13\">.<\/span><\/p>\n<p class=\"s11\">\n<p class=\"s11\"><span class=\"s13\">Plusieurs rapports d\u2019organisations ont confirm\u00e9 que ce nouvel afflux de r\u00e9fugi\u00e9s dans la r\u00e9gion du <\/span><span class=\"s13\">Hodh<\/span><span class=\"s13\">El <\/span><span class=\"s13\">Chargui<\/span><span class=\"s13\"> a consid\u00e9rablement augment\u00e9 au cours des derniers mois avec plus de 55 000 nouveaux arrivants en 2023, et 19 000 les deux premiers mois de 2024. On estime que les r\u00e9fugi\u00e9s maliens ont atteint un nombre \u00e9gal \u00e0 181 000 (UNHCR, mars 2024) dont 82 262 se sont install\u00e9s \u00e0 l&#8217;ext\u00e9rieur du camp de <\/span><span class=\"s13\">Mbera<\/span><span class=\"s13\">. <\/span><\/p>\n<p class=\"s4\">\n<p class=\"s11\"><a name=\"_Hlk167279175\"><\/a><span class=\"s13\">L<\/span><span class=\"s13\">es nouveaux arrivants, com<\/span><span class=\"s13\">pos\u00e9s<\/span> <span class=\"s13\">en majorit\u00e9 par des<\/span><span class=\"s13\"> d&#8217;enfants<\/span><span class=\"s13\"> ainsi que<\/span><span class=\"s13\"> 9 965 personnes<\/span><span class=\"s13\"> ayant des besoins sp\u00e9cifiques<\/span><span class=\"s13\">, vivent <\/span><span class=\"s13\">principalement en plein air ou dans des abris inad\u00e9quat<\/span><span class=\"s13\">s. I<\/span><span class=\"s13\">ls<\/span><span class=\"s13\"> n&#8217;ont pas acc\u00e8s aux infrastructures sociales ou sanitaires, aux moyens de subsistance et sont expos\u00e9s \u00e0 divers risques en raison du manque d&#8217;eau potable appropri\u00e9e, de la chaleur intense, des temp\u00eates de sable dans le d\u00e9sert, <\/span><span class=\"s13\">entre autres<\/span><span class=\"s13\">.<\/span><\/p>\n<p class=\"s11\">\n<p class=\"s4\">\n<p class=\"s11\">\n<p class=\"s11\">\n<p class=\"s11\"><span class=\"s12\">Contexte <\/span><\/p>\n<p class=\"s11\">\n<p class=\"s11\"><span class=\"s13\">L\u2019Union europ\u00e9enne, avec ses \u00c9tats membres, est le premier donateur d\u2019aide humanitaire au monde. L\u2019aide d\u2019urgence est l\u2019expression de la solidarit\u00e9 europ\u00e9enne avec les personnes qui en ont besoin \u00e0 travers le monde. Elle vise \u00e0 sauver des vies, \u00e0 pr\u00e9venir et \u00e0 att\u00e9nuer la souffrance humaine et \u00e0 pr\u00e9server l\u2019int\u00e9grit\u00e9 et la dignit\u00e9 humaine des populations victimes de catastrophes naturelles et de crises d\u2019origine humaine.<\/span><\/p>\n<p class=\"s11\">\n<p class=\"s11\"><span class=\"s13\">Par l\u2019interm\u00e9diaire du <\/span><a href=\"http:\/\/ec.europa.eu\/echo\"><span class=\"s14\">service de protection civile et d\u2019op\u00e9rations d\u2019aide humanitaire<\/span><\/a><span class=\"s13\"> de la Commission europ\u00e9enne, l\u2019Union europ\u00e9enne aide chaque ann\u00e9e des millions de victimes de conflits et de catastrophes. \u00c0 travers son si\u00e8ge \u00e0 Bruxelles et son r\u00e9seau mondial de bureaux locaux, l\u2019UE fournit une assistance aux personnes les plus vuln\u00e9rables sur la seule base des besoins humanitaires.<\/span><\/p>\n<p class=\"s11\">\n<p class=\"s11\"><span class=\"s13\">La Commission europ\u00e9enne a sign\u00e9 un contrat humanitaire d\u2019une valeur de <\/span><span class=\"s13\">8 millions<\/span><span class=\"s13\"> d\u2019euros avec la F\u00e9d\u00e9ration Internationale des Soci\u00e9t\u00e9s de la Croix-Rouge et du Croissant-Rouge (FICR), en soutien au Fonds d&#8217;urgence pour les r\u00e9ponses aux catastrophes (DREF) de la F\u00e9d\u00e9ration. Les fonds du DREF sont principalement allou\u00e9s \u00e0 des catastrophes \u00ab \u00e0 petite \u00e9chelle \u00bb, c\u2019est-\u00e0-dire celles qui ne donnent pas lieu \u00e0 un appel international formel. \u00a0<\/span><\/p>\n<p class=\"s11\">\n<p class=\"s11\"><span class=\"s13\">Le Fond d\u2019urgence pour les r\u00e9ponses aux catastrophes (DREF) a \u00e9t\u00e9 cr\u00e9\u00e9 en 1979 et est financ\u00e9 par les contributions des bailleurs de fonds. Chaque fois qu\u2019une Soci\u00e9t\u00e9 nationale de la Croix-Rouge ou du Croissant-Rouge a besoin d\u2019un soutien financier imm\u00e9diat pour r\u00e9pondre \u00e0 une catastrophe, elle peut demander des fonds du DREF. Pour les catastrophes \u00e0 petite \u00e9chelle, la FICR alloue des subventions du DREF, que les bailleurs de fonds peuvent ensuite r\u00e9alimenter. L\u2019accord de d\u00e9l\u00e9gation entre la FICR et ECHO permet \u00e0 ce dernier de r\u00e9approvisionner le DREF pour des op\u00e9rations convenues (correspondant \u00e0 son mandat humanitaire) jusqu\u2019\u00e0 hauteur de 10 millions d\u2019euro<\/span><\/p>\n","protected":false},"excerpt":{"rendered":"<p>Nouakchott, le 23 mai 2024- En r\u00e9ponse \u00e0 l\u2019urgence humanitaire dans la r\u00e9gion du Hodh El Chargui, provoqu\u00e9e par une nouvelle vague massive de d\u00e9placements vers la Mauritanie,caus\u00e9e par la situation s\u00e9curitaire complexe au Malivoisin, l&#8217;Union europ\u00e9enne (UE) a d\u00e9bloqu\u00e9 une enveloppe de 200.000 \u20ac (plus de 8 millions MRU) en fonds humanitaires. Ce financement &hellip;<\/p>\n","protected":false},"author":2,"featured_media":8747,"comment_status":"open","ping_status":"open","sticky":false,"template":"","format":"standard","meta":{"footnotes":""},"categories":[18,19],"tags":[],"class_list":["post-9809","post","type-post","status-publish","format-standard","has-post-thumbnail","hentry","category-actualites","category-tribune"],"_links":{"self":[{"href":"https:\/\/ladepeche.mr\/index.php?rest_route=\/wp\/v2\/posts\/9809","targetHints":{"allow":["GET"]}}],"collection":[{"href":"https:\/\/ladepeche.mr\/index.php?rest_route=\/wp\/v2\/posts"}],"about":[{"href":"https:\/\/ladepeche.mr\/index.php?rest_route=\/wp\/v2\/types\/post"}],"author":[{"embeddable":true,"href":"https:\/\/ladepeche.mr\/index.php?rest_route=\/wp\/v2\/users\/2"}],"replies":[{"embeddable":true,"href":"https:\/\/ladepeche.mr\/index.php?rest_route=%2Fwp%2Fv2%2Fcomments&post=9809"}],"version-history":[{"count":2,"href":"https:\/\/ladepeche.mr\/index.php?rest_route=\/wp\/v2\/posts\/9809\/revisions"}],"predecessor-version":[{"id":9811,"href":"https:\/\/ladepeche.mr\/index.php?rest_route=\/wp\/v2\/posts\/9809\/revisions\/9811"}],"wp:featuredmedia":[{"embeddable":true,"href":"https:\/\/ladepeche.mr\/index.php?rest_route=\/wp\/v2\/media\/8747"}],"wp:attachment":[{"href":"https:\/\/ladepeche.mr\/index.php?rest_route=%2Fwp%2Fv2%2Fmedia&parent=9809"}],"wp:term":[{"taxonomy":"category","embeddable":true,"href":"https:\/\/ladepeche.mr\/index.php?rest_route=%2Fwp%2Fv2%2Fcategories&post=9809"},{"taxonomy":"post_tag","embeddable":true,"href":"https:\/\/ladepeche.mr\/index.php?rest_route=%2Fwp%2Fv2%2Ftags&post=9809"}],"curies":[{"name":"wp","href":"https:\/\/api.w.org\/{rel}","templated":true}]}}