{"id":9815,"date":"2024-05-28T10:43:06","date_gmt":"2024-05-28T10:43:06","guid":{"rendered":"https:\/\/ladepeche.mr\/?p=9815"},"modified":"2024-05-28T10:43:06","modified_gmt":"2024-05-28T10:43:06","slug":"le-ministre-de-leconomie-sentretient-avec-le-directeur-general-dafrica-50","status":"publish","type":"post","link":"https:\/\/ladepeche.mr\/?p=9815","title":{"rendered":"Le ministre de l&#8217;\u00c9conomie s&#8217;entretient avec le directeur g\u00e9n\u00e9ral d&#8217;Africa 50"},"content":{"rendered":"<p>Son Excellence le ministre de l&#8217;\u00c9conomie et du D\u00e9veloppement Durable, M. Abdessalam Ould Mohamed Saleh, a tenu, lundi, une s\u00e9ance de discussions avec M. Alain Ebobiss\u00e9, directeur g\u00e9n\u00e9ral d&#8217;Africa 50, en marge des r\u00e9unions annuelles du Groupe de la Banque Africaine de D\u00e9veloppement.<\/p>\n<p>Les discussions ont port\u00e9 sur le portefeuille de projets de partenariat public-priv\u00e9, notamment le projet de l&#8217;autoroute Nouakchott-Boutilimit, auquel cette institution contribue, ainsi que des projets de centrales \u00e9lectriques au gaz.<\/p>\n<p>Il est \u00e0 noter qu&#8217;Africa 50 accompagne notre pays dans les projets de partenariats public-priv\u00e9 en fournissant un soutien technique et en mobilisant les investisseurs gr\u00e2ce \u00e0 l&#8217;\u00e9mission de garanties financi\u00e8res.<\/p>\n<p>La r\u00e9union a vu la participation de M. Ahmedou Saleck Beyah, directeur g\u00e9n\u00e9ral des Partenariats Public-Priv\u00e9, ainsi que de M. Mohamed Salem Ould Nani, directeur g\u00e9n\u00e9ral des Financements et de la Coop\u00e9ration \u00c9conomique au Minist\u00e8re de l&#8217;\u00c9conomie.<\/p>\n","protected":false},"excerpt":{"rendered":"<p>Son Excellence le ministre de l&#8217;\u00c9conomie et du D\u00e9veloppement Durable, M. Abdessalam Ould Mohamed Saleh, a tenu, lundi, une s\u00e9ance de discussions avec M. Alain Ebobiss\u00e9, directeur g\u00e9n\u00e9ral d&#8217;Africa 50, en marge des r\u00e9unions annuelles du Groupe de la Banque Africaine de D\u00e9veloppement. Les discussions ont port\u00e9 sur le portefeuille de projets de partenariat public-priv\u00e9, &hellip;<\/p>\n","protected":false},"author":2,"featured_media":0,"comment_status":"open","ping_status":"open","sticky":false,"template":"","format":"standard","meta":{"footnotes":""},"categories":[18,2],"tags":[],"class_list":["post-9815","post","type-post","status-publish","format-standard","hentry","category-actualites","category-economie"],"_links":{"self":[{"href":"https:\/\/ladepeche.mr\/index.php?rest_route=\/wp\/v2\/posts\/9815","targetHints":{"allow":["GET"]}}],"collection":[{"href":"https:\/\/ladepeche.mr\/index.php?rest_route=\/wp\/v2\/posts"}],"about":[{"href":"https:\/\/ladepeche.mr\/index.php?rest_route=\/wp\/v2\/types\/post"}],"author":[{"embeddable":true,"href":"https:\/\/ladepeche.mr\/index.php?rest_route=\/wp\/v2\/users\/2"}],"replies":[{"embeddable":true,"href":"https:\/\/ladepeche.mr\/index.php?rest_route=%2Fwp%2Fv2%2Fcomments&post=9815"}],"version-history":[{"count":1,"href":"https:\/\/ladepeche.mr\/index.php?rest_route=\/wp\/v2\/posts\/9815\/revisions"}],"predecessor-version":[{"id":9816,"href":"https:\/\/ladepeche.mr\/index.php?rest_route=\/wp\/v2\/posts\/9815\/revisions\/9816"}],"wp:attachment":[{"href":"https:\/\/ladepeche.mr\/index.php?rest_route=%2Fwp%2Fv2%2Fmedia&parent=9815"}],"wp:term":[{"taxonomy":"category","embeddable":true,"href":"https:\/\/ladepeche.mr\/index.php?rest_route=%2Fwp%2Fv2%2Fcategories&post=9815"},{"taxonomy":"post_tag","embeddable":true,"href":"https:\/\/ladepeche.mr\/index.php?rest_route=%2Fwp%2Fv2%2Ftags&post=9815"}],"curies":[{"name":"wp","href":"https:\/\/api.w.org\/{rel}","templated":true}]}}