{"id":9834,"date":"2024-05-30T15:23:14","date_gmt":"2024-05-30T15:23:14","guid":{"rendered":"https:\/\/ladepeche.mr\/?p=9834"},"modified":"2024-05-30T15:23:14","modified_gmt":"2024-05-30T15:23:14","slug":"lotan-reaffirme-limportance-du-partenariat-etabli-de-longue-date-avec-la-mauritanie","status":"publish","type":"post","link":"https:\/\/ladepeche.mr\/?p=9834","title":{"rendered":"L\u2019OTAN r\u00e9affirme l\u2019importance du partenariat \u00e9tabli de longue date avec la Mauritanie"},"content":{"rendered":"<p>Ce mardi (28 mai 2024), le secr\u00e9taire g\u00e9n\u00e9ral d\u00e9l\u00e9gu\u00e9, Mircea Geoan\u0103, s\u2019est entretenu, au si\u00e8ge, avec le ministre mauritanien de la D\u00e9fense, Hanana Ould Sidi, pour faire le point sur l\u2019\u00e9volution des relations entre l\u2019OTAN et la Mauritanie. \u00c0 cette occasion, M. Geoan\u0103 a soulign\u00e9 que la Mauritanie \u00e9tait \u00ab un partenaire tr\u00e8s appr\u00e9ci\u00e9 \u00bb et que les Alli\u00e9s \u00e9taient \u00ab d\u00e9termin\u00e9s \u00e0 pousser plus loin encore ce partenariat, notamment afin de renforcer les capacit\u00e9s des forces mauritaniennes dans la lutte contre le terrorisme \u00bb.<\/p>\n<p>Le partenariat avec la Mauritanie existe depuis que le pays a rejoint le Dialogue m\u00e9diterran\u00e9en de l\u2019OTAN, en 1995. Il s\u2019est sensiblement renforc\u00e9 depuis lors, des progr\u00e8s ayant \u00e9t\u00e9 r\u00e9alis\u00e9s dans toute une s\u00e9rie de domaines (forces d\u2019op\u00e9rations sp\u00e9ciales, s\u00fbret\u00e9 maritime, renseignement, programme de gestion de la transition de carri\u00e8re pour le personnel militaire, gestion des stocks d\u2019armes l\u00e9g\u00e8res et de petit calibre, et formation militaire).<\/p>\n<p>M.\u00a0Geoan\u0103 a \u00e9galement r\u00e9affirm\u00e9 l\u2019importance du voisinage m\u00e9ridional de l\u2019OTAN. Le groupe d\u2019experts ind\u00e9pendants nomm\u00e9 par le secr\u00e9taire g\u00e9n\u00e9ral \u00e0 l\u2019appui du processus de r\u00e9flexion sur le voisinage m\u00e9ridional de l\u2019OTAN a r\u00e9cemment publi\u00e9 son rapport final et ses principales conclusions. L\u2019objectif est que les Alli\u00e9s approuvent un ensemble de mesures visant \u00e0 renforcer l\u2019approche de l\u2019OTAN \u00e0 l\u2019\u00e9gard de son voisinage m\u00e9ridional, d\u2019ici au sommet que l\u2019Organisation tiendra \u00e0 Washington en juillet.<\/p>\n<p>Le Dialogue m\u00e9diterran\u00e9en\u00a0(DM) est un forum de partenariat qui vise \u00e0 contribuer \u00e0 la s\u00e9curit\u00e9 et \u00e0 la stabilit\u00e9 de l\u2019ensemble du bassin m\u00e9diterran\u00e9en et \u00e0 promouvoir les bonnes relations ainsi que la compr\u00e9hension entre les pays participants et les pays de l\u2019OTAN. Il compte actuellement parmi ses membres l\u2019Alg\u00e9rie, l\u2019\u00c9gypte, Isra\u00ebl, la Jordanie, la Mauritanie, le Maroc et la Tunisie.<\/p>\n<p>NATO<\/p>\n","protected":false},"excerpt":{"rendered":"<p>Ce mardi (28 mai 2024), le secr\u00e9taire g\u00e9n\u00e9ral d\u00e9l\u00e9gu\u00e9, Mircea Geoan\u0103, s\u2019est entretenu, au si\u00e8ge, avec le ministre mauritanien de la D\u00e9fense, Hanana Ould Sidi, pour faire le point sur l\u2019\u00e9volution des relations entre l\u2019OTAN et la Mauritanie. \u00c0 cette occasion, M. Geoan\u0103 a soulign\u00e9 que la Mauritanie \u00e9tait \u00ab un partenaire tr\u00e8s appr\u00e9ci\u00e9 \u00bb &hellip;<\/p>\n","protected":false},"author":2,"featured_media":9835,"comment_status":"open","ping_status":"open","sticky":false,"template":"","format":"standard","meta":{"footnotes":""},"categories":[18,29],"tags":[],"class_list":["post-9834","post","type-post","status-publish","format-standard","has-post-thumbnail","hentry","category-actualites","category-monde"],"_links":{"self":[{"href":"https:\/\/ladepeche.mr\/index.php?rest_route=\/wp\/v2\/posts\/9834","targetHints":{"allow":["GET"]}}],"collection":[{"href":"https:\/\/ladepeche.mr\/index.php?rest_route=\/wp\/v2\/posts"}],"about":[{"href":"https:\/\/ladepeche.mr\/index.php?rest_route=\/wp\/v2\/types\/post"}],"author":[{"embeddable":true,"href":"https:\/\/ladepeche.mr\/index.php?rest_route=\/wp\/v2\/users\/2"}],"replies":[{"embeddable":true,"href":"https:\/\/ladepeche.mr\/index.php?rest_route=%2Fwp%2Fv2%2Fcomments&post=9834"}],"version-history":[{"count":1,"href":"https:\/\/ladepeche.mr\/index.php?rest_route=\/wp\/v2\/posts\/9834\/revisions"}],"predecessor-version":[{"id":9836,"href":"https:\/\/ladepeche.mr\/index.php?rest_route=\/wp\/v2\/posts\/9834\/revisions\/9836"}],"wp:featuredmedia":[{"embeddable":true,"href":"https:\/\/ladepeche.mr\/index.php?rest_route=\/wp\/v2\/media\/9835"}],"wp:attachment":[{"href":"https:\/\/ladepeche.mr\/index.php?rest_route=%2Fwp%2Fv2%2Fmedia&parent=9834"}],"wp:term":[{"taxonomy":"category","embeddable":true,"href":"https:\/\/ladepeche.mr\/index.php?rest_route=%2Fwp%2Fv2%2Fcategories&post=9834"},{"taxonomy":"post_tag","embeddable":true,"href":"https:\/\/ladepeche.mr\/index.php?rest_route=%2Fwp%2Fv2%2Ftags&post=9834"}],"curies":[{"name":"wp","href":"https:\/\/api.w.org\/{rel}","templated":true}]}}