{"id":9839,"date":"2024-05-30T22:54:42","date_gmt":"2024-05-30T22:54:42","guid":{"rendered":"https:\/\/ladepeche.mr\/?p=9839"},"modified":"2024-05-30T22:54:42","modified_gmt":"2024-05-30T22:54:42","slug":"etats-unis-damerique-le-haut-commissaire-trouble-par-les-actions-des-forces-de-lordre-contre-les-manifestants-dans-les-universites","status":"publish","type":"post","link":"https:\/\/ladepeche.mr\/?p=9839","title":{"rendered":"\u00c9tats-Unis d\u2019Am\u00e9rique : le Haut-Commissaire troubl\u00e9 par les actions des forces de l\u2019ordre contre les manifestants dans les universit\u00e9s"},"content":{"rendered":"<p class=\"text--body-copy--gray without-margins\">Le Haut-Commissaire des Nations Unies aux droits de l\u2019homme Volker T\u00fcrk s\u2019est d\u00e9clar\u00e9 mardi pr\u00e9occup\u00e9 par plusieurs mesures brutales prises pour disperser et d\u00e9manteler des manifestations sur divers campus universitaires aux \u00c9tats-Unis.<\/p>\n<p>\u00ab\u00a0La libert\u00e9 d\u2019expression et le droit de r\u00e9union pacifique sont fondamentaux pour la soci\u00e9t\u00e9, en particulier lorsqu\u2019il existe un d\u00e9saccord profond sur des questions majeures, comme c\u2019est le cas pour le conflit dans le Territoire palestinien occup\u00e9 et en Isra\u00ebl\u00a0\u00bb, a d\u00e9clar\u00e9 M.\u00a0T\u00fcrk.<\/p>\n<p>Ces derni\u00e8res semaines, des milliers d\u2019\u00e9tudiants am\u00e9ricains ont manifest\u00e9 contre la guerre \u00e0 Gaza. Des manifestations de grande ampleur ont \u00e9galement eu lieu sur les campus d\u2019autres pays ces derniers jours. De nombreuses manifestations se sont d\u00e9roul\u00e9es sans incident et se poursuivent. Dans plusieurs cas cependant, les manifestations ont \u00e9t\u00e9 dispers\u00e9es ou d\u00e9mantel\u00e9es par les forces de s\u00e9curit\u00e9. Des centaines d\u2019\u00e9tudiants ont \u00e9t\u00e9 arr\u00eat\u00e9s. Nombre d\u2019entre eux ont \u00e9t\u00e9 lib\u00e9r\u00e9s par la suite, tandis que d\u2019autres font toujours l\u2019objet de poursuites ou de sanctions acad\u00e9miques.<\/p>\n<p>Les mesures prises par les autorit\u00e9s universitaires et les forces de l\u2019ordre pour restreindre cette expression doivent \u00eatre soigneusement examin\u00e9es, afin de s\u2019assurer qu\u2019elles ne vont pas au-del\u00e0 de ce qui est manifestement n\u00e9cessaire pour prot\u00e9ger les droits et les libert\u00e9s d\u2019autrui, ou pour un autre objectif l\u00e9gitime tel que le maintien de la sant\u00e9 ou de l\u2019ordre public, a d\u00e9clar\u00e9 M.\u00a0T\u00fcrk.<\/p>\n<p>\u00ab\u00a0Je suis pr\u00e9occup\u00e9 par le fait que certains agissements des forces de l\u2019ordre dans plusieurs universit\u00e9s semblent avoir un impact disproportionn\u00e9\u00a0\u00bb, a-t-il ajout\u00e9.<\/p>\n<p>M.\u00a0T\u00fcrk a soulign\u00e9 que les comportements et les discours antis\u00e9mites \u00e9taient totalement inacceptables et profond\u00e9ment inqui\u00e9tants. Les comportements et les discours anti-arabes et anti-palestiniens sont tout aussi r\u00e9pr\u00e9hensibles, a-t-il ajout\u00e9.<\/p>\n<p>\u00ab\u00a0L\u2019incitation \u00e0 la violence ou \u00e0 la haine pour des raisons d\u2019identit\u00e9 ou de points de vue, qu\u2019ils soient r\u00e9els ou suppos\u00e9s, doit \u00eatre fermement r\u00e9pudi\u00e9e\u00a0\u00bb, a-t-il d\u00e9clar\u00e9. \u00ab\u00a0Nous avons d\u00e9j\u00e0 pu voir comment des discours aussi dangereux peuvent rapidement d\u00e9boucher sur une v\u00e9ritable violence.\u00a0\u00bb<\/p>\n<p>\u00ab\u00a0Un tel comportement peut et doit \u00eatre trait\u00e9 individuellement, plut\u00f4t que par des mesures g\u00e9n\u00e9rales qui imputent \u00e0 tous les membres d\u2019une manifestation les points de vue inacceptables de quelques-uns. Ici comme ailleurs, les r\u00e9ponses des universit\u00e9s et des forces de l\u2019ordre doivent \u00eatre guid\u00e9es par le droit relatif aux droits de l\u2019homme, afin de permettre un d\u00e9bat dynamique et de maintenir des espaces s\u00fbrs pour tous.\u00a0\u00bb<\/p>\n<p>Le Haut-Commissaire a soulign\u00e9 que toute restriction \u00e0 la libert\u00e9 d\u2019expression et au droit de r\u00e9union pacifique doit \u00eatre strictement guid\u00e9e par les principes de l\u00e9galit\u00e9, de n\u00e9cessit\u00e9 et de proportionnalit\u00e9. Ces normes doivent \u00e9galement \u00eatre appliqu\u00e9es sans discrimination, a-t-il ajout\u00e9.<\/p>\n<p>\u00ab\u00a0Les universit\u00e9s am\u00e9ricaines ont une forte tradition historique de militantisme \u00e9tudiant, de d\u00e9bat acharn\u00e9 et de libert\u00e9 d\u2019expression et de rassemblement pacifique\u00a0\u00bb, a indiqu\u00e9 M.\u00a0T\u00fcrk. \u00ab\u00a0Il doit \u00eatre \u00e9tabli avec certitude que l\u2019exercice l\u00e9gitime de la libert\u00e9 d\u2019expression ne peut \u00eatre confondu avec l\u2019incitation \u00e0 la violence et \u00e0 la haine.\u00a0\u00bb<\/p>\n<p>&nbsp;<\/p>\n<p>https:\/\/www.ohchr.org\/fr\/press-releases\/2024\/04\/united-states-america-un-human-rights-chief-troubled-law-enforcement-actions<\/p>\n","protected":false},"excerpt":{"rendered":"<p>Le Haut-Commissaire des Nations Unies aux droits de l\u2019homme Volker T\u00fcrk s\u2019est d\u00e9clar\u00e9 mardi pr\u00e9occup\u00e9 par plusieurs mesures brutales prises pour disperser et d\u00e9manteler des manifestations sur divers campus universitaires aux \u00c9tats-Unis. \u00ab\u00a0La libert\u00e9 d\u2019expression et le droit de r\u00e9union pacifique sont fondamentaux pour la soci\u00e9t\u00e9, en particulier lorsqu\u2019il existe un d\u00e9saccord profond sur des &hellip;<\/p>\n","protected":false},"author":2,"featured_media":9841,"comment_status":"open","ping_status":"open","sticky":false,"template":"","format":"standard","meta":{"footnotes":""},"categories":[18,29],"tags":[],"class_list":["post-9839","post","type-post","status-publish","format-standard","has-post-thumbnail","hentry","category-actualites","category-monde"],"_links":{"self":[{"href":"https:\/\/ladepeche.mr\/index.php?rest_route=\/wp\/v2\/posts\/9839","targetHints":{"allow":["GET"]}}],"collection":[{"href":"https:\/\/ladepeche.mr\/index.php?rest_route=\/wp\/v2\/posts"}],"about":[{"href":"https:\/\/ladepeche.mr\/index.php?rest_route=\/wp\/v2\/types\/post"}],"author":[{"embeddable":true,"href":"https:\/\/ladepeche.mr\/index.php?rest_route=\/wp\/v2\/users\/2"}],"replies":[{"embeddable":true,"href":"https:\/\/ladepeche.mr\/index.php?rest_route=%2Fwp%2Fv2%2Fcomments&post=9839"}],"version-history":[{"count":2,"href":"https:\/\/ladepeche.mr\/index.php?rest_route=\/wp\/v2\/posts\/9839\/revisions"}],"predecessor-version":[{"id":9842,"href":"https:\/\/ladepeche.mr\/index.php?rest_route=\/wp\/v2\/posts\/9839\/revisions\/9842"}],"wp:featuredmedia":[{"embeddable":true,"href":"https:\/\/ladepeche.mr\/index.php?rest_route=\/wp\/v2\/media\/9841"}],"wp:attachment":[{"href":"https:\/\/ladepeche.mr\/index.php?rest_route=%2Fwp%2Fv2%2Fmedia&parent=9839"}],"wp:term":[{"taxonomy":"category","embeddable":true,"href":"https:\/\/ladepeche.mr\/index.php?rest_route=%2Fwp%2Fv2%2Fcategories&post=9839"},{"taxonomy":"post_tag","embeddable":true,"href":"https:\/\/ladepeche.mr\/index.php?rest_route=%2Fwp%2Fv2%2Ftags&post=9839"}],"curies":[{"name":"wp","href":"https:\/\/api.w.org\/{rel}","templated":true}]}}