{"id":9844,"date":"2024-05-31T09:42:41","date_gmt":"2024-05-31T09:42:41","guid":{"rendered":"https:\/\/ladepeche.mr\/?p=9844"},"modified":"2024-05-31T09:43:09","modified_gmt":"2024-05-31T09:43:09","slug":"mauritanie-les-flux-de-refugies-maliens-menace-de-crise-alimentaire-lest-du-pays","status":"publish","type":"post","link":"https:\/\/ladepeche.mr\/?p=9844","title":{"rendered":"Mauritanie\u00a0: les flux de r\u00e9fugi\u00e9s maliens menacent de crise alimentaire l\u2019Est du pays"},"content":{"rendered":"<p>Refuge de proximit\u00e9 pour les touaregs et peuls fuyant les zones de conflit au Mali, la r\u00e9gion du Hodh Charghi subit de plein fouet l\u2019impact des d\u00e9placements des populations et craindrait m\u00eame une crise alimentaire aigue.<\/p>\n<p>Depuis le mois d\u2019avril, avec l\u2019afflux de r\u00e9fugi\u00e9s maliens, les moyens d\u2019existence dans la r\u00e9gion du Hodh Charghi, seraient \u00ab\u00a0sous forte pression\u00a0\u00bb met en garde Fnews le bulletin d\u2019avril 2024 du Bureau des Nations Unies pour la coordination des affaires humanitaires (OCHA). Une situation d\u2019extr\u00eame urgence humanitaire\u00a0pour laquelle l\u2019Ue a d\u00e9bloqu\u00e9\u00a0une enveloppe de\u00a0200.000 \u20ac\u00a0en fonds humanitaires. Une goutte dans un d\u00e9sert.<\/p>\n<p>Alors m\u00eame que le pays est engag\u00e9 dans une p\u00e9riode de pr\u00e9-soudure la crise alimentaire se profile d\u00e9j\u00e0 \u00e0 l\u2019horizon aussi bien pour les r\u00e9fugi\u00e9s maliens que pour les populations h\u00f4tes de l\u2019Est de la Mauritanie. Les pr\u00e9visions pluviom\u00e9triques pr\u00e9disent des pluies, dans le grenier du pays, entre juin et septembre 2024. Mais les populations rurales, elles, auraient d\u00e9j\u00e0 \u00abperdu leurs principaux moyens d\u2019existence, (\u2026) et seront susceptibles d\u2019\u00eatre en ins\u00e9curit\u00e9 alimentaire de phase Crise (Phase 3 de l\u2019IPC).\u00a0\u00bb<\/p>\n<blockquote class=\"wp-embedded-content\" data-secret=\"jU6rPTOD18\"><p><a href=\"https:\/\/ladepeche.mr\/?p=9809\">Mauritanie : L&rsquo;UE r\u00e9pond au nouvel afflux de r\u00e9fugi\u00e9s maliens<\/a><\/p><\/blockquote>\n<p><iframe loading=\"lazy\" class=\"wp-embedded-content\" sandbox=\"allow-scripts\" security=\"restricted\" style=\"position: absolute; clip: rect(1px, 1px, 1px, 1px);\" title=\"\u00ab\u00a0Mauritanie : L&rsquo;UE r\u00e9pond au nouvel afflux de r\u00e9fugi\u00e9s maliens\u00a0\u00bb &#8212; La D\u00e9p\u00eache  de Mauritanie et du Sahel\" src=\"https:\/\/ladepeche.mr\/?p=9809&#038;embed=true#?secret=8I2EOgpOgk#?secret=jU6rPTOD18\" data-secret=\"jU6rPTOD18\" width=\"500\" height=\"282\" frameborder=\"0\" marginwidth=\"0\" marginheight=\"0\" scrolling=\"no\"><\/iframe><\/p>\n<p>Nonobstant cette alarme sur une situation d\u00e9j\u00e0 pr\u00e9caire et en d\u00e9pit des mesures d\u2019approvisionnement prises par l\u2019Etat mauritanien pour assurer \u00ab\u00a0l\u2018offre en produits alimentaires de base sur les march\u00e9s\u00a0\u00bb, permettant une stabilit\u00e9 des prix des c\u00e9r\u00e9ales, et jug\u00e9es bonnes par les partenaires, l\u2019augmentation, en mars, de 5 \u00e0 15% des prix des produits de base, tels que les l\u00e9gumes, les produits laitiers, et le sucre est venue timor\u00e9e cette satisfaction. Les nouvelles conditions suscitent plus d\u2019incertitudes pour les populations rurales, notamment les m\u00e9nages pauvres, la veille de la p\u00e9riode de soudure, qui avance \u00e0 pas de charge, alors qu\u2019elles auraient \u00ab\u00a0d\u00e9j\u00e0 \u00e9puis\u00e9 leurs stocks alimentaires\u00a0\u00bb.<\/p>\n<p>La perspective est donc pr\u00e9occupante selon cette analyse qui voit que \u00ab\u00a0l\u2019afflux des r\u00e9fugi\u00e9s maliens se poursuit au sud-est du pays, notamment dans la willaya du Hodh El Chargui\u00a0\u00bb exerce \u00abune forte pression sur les sources de nourriture, d\u2019emploi, et les moyens d\u2019existence qui expose la zone \u00e0 une ins\u00e9curit\u00e9 alimentaire aig\u00fce de phase Crise\u00bb.<\/p>\n<p>La m\u00eame inqui\u00e9tude sur la vuln\u00e9rabilit\u00e9 des populations est partag\u00e9e par l\u2019Ong Action Contre la Faim qui estime que \u00a0la situation \u00ab\u00a0est particuli\u00e8rement alarmante dans 6 pays (La Mauritanie, le Burkina Faso, le Niger, le Tchad, la Sierra Leone et le Nig\u00e9ria)\u00a0\u00bb.<\/p>\n<p>A suivre<\/p>\n<p>JD<\/p>\n","protected":false},"excerpt":{"rendered":"<p>Refuge de proximit\u00e9 pour les touaregs et peuls fuyant les zones de conflit au Mali, la r\u00e9gion du Hodh Charghi subit de plein fouet l\u2019impact des d\u00e9placements des populations et craindrait m\u00eame une crise alimentaire aigue. Depuis le mois d\u2019avril, avec l\u2019afflux de r\u00e9fugi\u00e9s maliens, les moyens d\u2019existence dans la r\u00e9gion du Hodh Charghi, seraient &hellip;<\/p>\n","protected":false},"author":2,"featured_media":2902,"comment_status":"open","ping_status":"open","sticky":false,"template":"","format":"standard","meta":{"footnotes":""},"categories":[18],"tags":[],"class_list":["post-9844","post","type-post","status-publish","format-standard","has-post-thumbnail","hentry","category-actualites"],"_links":{"self":[{"href":"https:\/\/ladepeche.mr\/index.php?rest_route=\/wp\/v2\/posts\/9844","targetHints":{"allow":["GET"]}}],"collection":[{"href":"https:\/\/ladepeche.mr\/index.php?rest_route=\/wp\/v2\/posts"}],"about":[{"href":"https:\/\/ladepeche.mr\/index.php?rest_route=\/wp\/v2\/types\/post"}],"author":[{"embeddable":true,"href":"https:\/\/ladepeche.mr\/index.php?rest_route=\/wp\/v2\/users\/2"}],"replies":[{"embeddable":true,"href":"https:\/\/ladepeche.mr\/index.php?rest_route=%2Fwp%2Fv2%2Fcomments&post=9844"}],"version-history":[{"count":2,"href":"https:\/\/ladepeche.mr\/index.php?rest_route=\/wp\/v2\/posts\/9844\/revisions"}],"predecessor-version":[{"id":9846,"href":"https:\/\/ladepeche.mr\/index.php?rest_route=\/wp\/v2\/posts\/9844\/revisions\/9846"}],"wp:featuredmedia":[{"embeddable":true,"href":"https:\/\/ladepeche.mr\/index.php?rest_route=\/wp\/v2\/media\/2902"}],"wp:attachment":[{"href":"https:\/\/ladepeche.mr\/index.php?rest_route=%2Fwp%2Fv2%2Fmedia&parent=9844"}],"wp:term":[{"taxonomy":"category","embeddable":true,"href":"https:\/\/ladepeche.mr\/index.php?rest_route=%2Fwp%2Fv2%2Fcategories&post=9844"},{"taxonomy":"post_tag","embeddable":true,"href":"https:\/\/ladepeche.mr\/index.php?rest_route=%2Fwp%2Fv2%2Ftags&post=9844"}],"curies":[{"name":"wp","href":"https:\/\/api.w.org\/{rel}","templated":true}]}}