{"id":9850,"date":"2024-05-31T11:40:07","date_gmt":"2024-05-31T11:40:07","guid":{"rendered":"https:\/\/ladepeche.mr\/?p=9850"},"modified":"2024-05-31T11:40:07","modified_gmt":"2024-05-31T11:40:07","slug":"le-conseil-des-ministres-approuve-un-projet-de-loi-autorisant-la-ratification-de-laccord-destine-au-deuxieme-financement-additionnel-pour-le-projet-dappui-au-systeme-de-filets-sociau","status":"publish","type":"post","link":"https:\/\/ladepeche.mr\/?p=9850","title":{"rendered":"Le conseil des ministres approuve un Projet de loi autorisant la ratification de l\u2019accord destin\u00e9 au deuxi\u00e8me financement additionnel pour le projet d\u2019Appui au Syst\u00e8me de Filets Sociaux II."},"content":{"rendered":"<p>Le Conseil des Ministres s\u2019est r\u00e9uni le jeudi 30 mai 2024, sous la Pr\u00e9sidence de Son Excellence Monsieur le Pr\u00e9sident de la R\u00e9publique, Mohamed Ould Cheikh El Ghazouani.<\/p>\n<p>Le Conseil a examin\u00e9 et approuv\u00e9 les deux projets de lois suivants :<\/p>\n<p>\u2010 Projet de loi autorisant la ratification de l\u2019accord de financement, sign\u00e9 le 22 mai 2024, entre la R\u00e9publique Islamique de Mauritanie et l\u2019Association Internationale de D\u00e9veloppement (IDA), destin\u00e9 au deuxi\u00e8me financement additionnel pour le projet d\u2019Appui au Syst\u00e8me de Filets Sociaux II.<\/p>\n<p>Ce financement permettra d\u2019accroitre l\u2019efficacit\u00e9 et l\u2019efficience du Syst\u00e8me National de Filet de S\u00e9curit\u00e9 Sociale et la couverture des m\u00e9nages pauvres et vuln\u00e9rables par des transferts sociaux cibl\u00e9s, y compris dans les communaut\u00e9s de r\u00e9fugi\u00e9s et d\u2019accueil.<\/p>\n<p>Le pr\u00e9sent financement sera structur\u00e9 de mani\u00e8re \u00e0 cofinancer et \u00e0 d\u00e9velopper les composantes et les activit\u00e9s existantes du projet, conform\u00e9ment \u00e0 la vision strat\u00e9gique du Gouvernement pour un programme de protection sociale int\u00e9gr\u00e9.<\/p>\n<p>Le projet comprend les composantes ci-apr\u00e8s :<\/p>\n<p>\u2010 Mise \u00e0 jour et am\u00e9lioration du registre social.<\/p>\n<p>\u2010 Am\u00e9lioration de l\u2019inclusion socio-\u00e9conomique des m\u00e9nages extr\u00eamement pauvres en renfor\u00e7ant et en \u00e9tendant le Programme de transfert National des Transferts sociaux, Tekavoul.<\/p>\n<p>\u2010 Renforcement du syst\u00e8me de r\u00e9ponse aux chocs pour les m\u00e9nages vuln\u00e9rables aux chocs climatiques en d\u00e9veloppant davantage le syst\u00e8me d\u2019alerte pr\u00e9coce (SAP).<\/p>\n<p>\u2010 Projet de loi autorisant la ratification de la convention sur la promotion et la protection r\u00e9ciproques des investissements entre la R\u00e9publique Islamique de Mauritanie et le Royaume d\u2019Arabie Saoudite.<\/p>\n<p>Cette convention vise \u00e0 \u00e9largir et \u00e0 renforcer la coop\u00e9ration \u00e9conomique entre les deux pays fr\u00e8res pour servir leurs int\u00e9r\u00eats communs et notamment, stimuler les flux d\u2019investissements et les \u00e9changes commerciaux entre les deux pays contractants.<\/p>\n<p>Le Conseil a \u00e9galement examin\u00e9 et adopt\u00e9 les projets de d\u00e9crets suivants :<\/p>\n<p>\u2010 Projet de d\u00e9cret portant nomination du Pr\u00e9sident du Conseil d\u2019Administration du Centre de Formation et d\u2019Echanges \u00e0 Distance (CFED).<\/p>\n<p>\u2010 Projet de d\u00e9cret fixant les r\u00e8gles d\u2019organisation et de fonctionnement de l\u2019Agence Nationale Maaden Mauritanie.<\/p>\n<p>A l\u2019effet d\u2019\u00e9largir l\u2019\u00e9ventail de ses missions et les clarifier davantage, la soci\u00e9t\u00e9 Maaden Mauritanie a \u00e9t\u00e9 \u00e9rig\u00e9e en Agence Nationale d\u00e9nomm\u00e9e \u00ab l\u2019Agence Nationale Maaden Mauritanie \u00bb conform\u00e9ment aux dispositions de l\u2019article 03 de la loi n\u00b02022-026 du 12 d\u00e9cembre 2022, organisant l\u2019activit\u00e9 mini\u00e8re artisanale et semi-industrielle de l\u2019or et d\u00e9terminant le statut juridique de MAADEN Mauritanie.<\/p>\n<p>En cons\u00e9quence, il est d\u00e9sormais autoris\u00e9 \u00e0 l\u2019Agence Nationale Maaden Mauritanie entre autres de planifier et de r\u00e9aliser toutes les infrastructures n\u00e9cessaires aux activit\u00e9s d\u2019exploitation artisanales et semi-industrielles, au sein des couloirs qui lui sont attribu\u00e9s, tels que les ouvrages de routes, de sant\u00e9, d\u2019eau et d\u2019\u00e9lectricit\u00e9 et cela en parfaite coordination avec les d\u00e9partements Minist\u00e9rielle concern\u00e9s.<\/p>\n<p>\u2010 Projet de d\u00e9cret modifiant certaines dispositions du d\u00e9cret n\u00b02021-018 du 08 f\u00e9vrier 2021 portant cr\u00e9ation d\u2019un \u00e9tablissement public \u00e0 caract\u00e8re industriel et commercial d\u00e9nomm\u00e9 \u00abPort de N\u2019DIAGO\u00bb et d\u00e9finissant les modalit\u00e9s de son organisation et de son fonctionnement.<\/p>\n<p>Le projet de d\u00e9cret vise \u00e0 pr\u00e9ciser certaines modalit\u00e9s du d\u00e9cret n\u00b0 2021-018 du 8 f\u00e9vrier 2021, notamment en ce qui concerne les missions du port qui s\u2019articulent autour de :<\/p>\n<p>\u2010 la gestion des installations portuaires de p\u00eache et de commerce, de leur exploitation, entretien, r\u00e9novation, am\u00e9lioration et extension ;<\/p>\n<p>\u2010 la gestion du domaine portuaire et l\u2019autorisation d\u2019exerce de certaines activit\u00e9s.<\/p>\n<p>\u2010 Projet de d\u00e9cret portant nomination du Pr\u00e9sident et des membres du Conseil d\u2019Administration de l\u2019Institut Sup\u00e9rieur de l\u2019Enseignement Technologue de Rosso (ISET).<\/p>\n<p>\u2010 Projet de d\u00e9cret modifiant certaines dispositions du d\u00e9cret n\u00b0 2019-075 du 23 avril 2019, fixant l\u2019organisation et le fonctionnement de l\u2019Autorit\u00e9 de R\u00e9gulation de la Publicit\u00e9.<\/p>\n<p>Ce projet de d\u00e9cret vise \u00e0 compl\u00e9ter les dispositions essentielles relatives au fonctionnement de l\u2019Autorit\u00e9 de r\u00e9gulation de la publicit\u00e9, d\u00e9terminer les m\u00e9canismes de travail du Conseil de l\u2019Autorit\u00e9, compos\u00e9 de son Pr\u00e9sident et ses quatre membres, organiser sa gouvernance interne, la rendre plus apte \u00e0 suivre le rythme des transformations rapides qui se produisent dans le secteur national de la publicit\u00e9 et \u00e9tablir des proc\u00e9dures pour am\u00e9liorer le produit publicitaire national, renforcer son r\u00f4le dans la relance de l\u2019\u00e9conomie nationale, prot\u00e9ger les consommateurs contre la publicit\u00e9 mensong\u00e8re, et promouvoir et suivre le rythme des efforts de d\u00e9veloppement observ\u00e9s par le pays dans divers domaines.<\/p>\n<p>Le Premier Ministre a pr\u00e9sent\u00e9 une communication relative au bilan consolid\u00e9 du Programme TAAHOUDATY (2019-2024) du Pr\u00e9sident de la R\u00e9publique.<\/p>\n<p>Le Ministre de l\u2019Int\u00e9rieur et de la D\u00e9centralisation a pr\u00e9sent\u00e9 une communication relative \u00e0 la situation int\u00e9rieure.<\/p>\n<p>Le Minist\u00e8re D\u00e9l\u00e9gu\u00e9 aupr\u00e8s du Ministre des Affaires Etrang\u00e8res, de la Coop\u00e9ration et des Mauritaniens de l\u2019Ext\u00e9rieur charg\u00e9 des Mauritaniens de l\u2019Ext\u00e9rieur, a pr\u00e9sent\u00e9 une communication relative \u00e0 la situation internationale.<\/p>\n<p>Enfin, le Conseil a pris les mesures individuelles suivantes :<\/p>\n<p>Minist\u00e8re de l\u2019Education Nationale, de la R\u00e9forme du Syst\u00e8me Educatif<\/p>\n<p>Cabinet du Ministre<\/p>\n<p>Charg\u00e9 de Mission : Amadou Y\u00e9ro Barry, titulaire d\u2019un Master en Gestion<\/p>\n<p>Minist\u00e8re de la Sant\u00e9<\/p>\n<p>Cabinet du Ministre<\/p>\n<p>Charg\u00e9 de Mission : Dr Wolo Coulibaly, Sp\u00e9cialiste en endocrinologie, pr\u00e9c\u00e9demment Chef de Service de la M\u00e9decine Interne au Centre Hospitalier National (CHN).<\/p>\n<p>Minist\u00e8re du P\u00e9trole, des Mines et de l\u2019Energie<\/p>\n<p>Cabinet du Ministre<\/p>\n<p>Conseiller Juridique : Lemrabott Nehah, pr\u00e9c\u00e9demment Conseiller Juridique au Ministre de l\u2019Equipement et des Transports.<\/p>\n<p>Inspection G\u00e9n\u00e9rale<\/p>\n<p>Inspecteur : Salama Ould Salama Ould Hafed, pr\u00e9c\u00e9demment Directeur Adjoint du Suivi Environnemental au m\u00eame Minist\u00e8re.<\/p>\n<p>Inspecteur Charg\u00e9 des Hydrocarbures Aval : Mohamed Ould Jdoud, titulaire d\u2019un Doctorat En Sciences Economiques.<\/p>\n<p>Administration Centrale<\/p>\n<p>Direction Administrative et Financi\u00e8res<\/p>\n<p>Directrice Adjointe : Nanne Mint Moulaye Dkhil, titulaire d\u2019un Master des Analyses Economiques.<\/p>\n<p>Minist\u00e8re de l\u2019Agriculture<\/p>\n<p>Cabinet du Ministre<\/p>\n<p>Charg\u00e9e de Mission : Marieme Hbibi Neinine, titulaire d\u2019une Maitrise en Droit Public et Relations Internationale ancienne cadre \u00e0 la SONADER.<\/p>\n<p>Minist\u00e8re de l\u2019Equipment et des Transports<\/p>\n<p>Cabinet du Ministre<\/p>\n<p>Conseiller Juridique : Ely Dadd\u00e9 El Mahjoub, Administrateur Civil, titulaire d\u2019un Dipl\u00f4me d\u2019Etudes Approfondies<\/p>\n<p>Minist\u00e8re de l\u2019Action Sociale, de l\u2019Enfance et de la Famille<\/p>\n<p>Cabinet du Ministre<\/p>\n<p>Charg\u00e9 de Mission : Mohemed El Hacen Douh, pr\u00e9c\u00e9demment Directeur Adjoint de la Direction de l\u2019Action Sociale et de la Solidarit\u00e9 Nationale (DASSN)<\/p>\n<p>Administration Centrale<\/p>\n<p>Direction de l\u2019Action Sociale et de la Solidarit\u00e9 Nationale (DASSN)<\/p>\n<p>Directeur Adjoint ; Mowloud Hamonn\u00e9, pr\u00e9c\u00e9demment Chef de Service de la Communication au Programme Nutrition.<\/p>\n<p>Minist\u00e8re de l\u2019Environnement<\/p>\n<p>Administration Centrale<\/p>\n<p>Direction de la Protection des Esp\u00e8ces et de la Restauration des Sols<\/p>\n<p>Directeur : Hacen Maouloud, pr\u00e9c\u00e9demment Conseiller Technique charg\u00e9 du D\u00e9veloppement Durable.<\/p>\n<p>Ami<\/p>\n","protected":false},"excerpt":{"rendered":"<p>Le Conseil des Ministres s\u2019est r\u00e9uni le jeudi 30 mai 2024, sous la Pr\u00e9sidence de Son Excellence Monsieur le Pr\u00e9sident de la R\u00e9publique, Mohamed Ould Cheikh El Ghazouani. Le Conseil a examin\u00e9 et approuv\u00e9 les deux projets de lois suivants : \u2010 Projet de loi autorisant la ratification de l\u2019accord de financement, sign\u00e9 le 22 &hellip;<\/p>\n","protected":false},"author":2,"featured_media":8932,"comment_status":"open","ping_status":"open","sticky":false,"template":"","format":"standard","meta":{"footnotes":""},"categories":[18],"tags":[],"class_list":["post-9850","post","type-post","status-publish","format-standard","has-post-thumbnail","hentry","category-actualites"],"_links":{"self":[{"href":"https:\/\/ladepeche.mr\/index.php?rest_route=\/wp\/v2\/posts\/9850","targetHints":{"allow":["GET"]}}],"collection":[{"href":"https:\/\/ladepeche.mr\/index.php?rest_route=\/wp\/v2\/posts"}],"about":[{"href":"https:\/\/ladepeche.mr\/index.php?rest_route=\/wp\/v2\/types\/post"}],"author":[{"embeddable":true,"href":"https:\/\/ladepeche.mr\/index.php?rest_route=\/wp\/v2\/users\/2"}],"replies":[{"embeddable":true,"href":"https:\/\/ladepeche.mr\/index.php?rest_route=%2Fwp%2Fv2%2Fcomments&post=9850"}],"version-history":[{"count":1,"href":"https:\/\/ladepeche.mr\/index.php?rest_route=\/wp\/v2\/posts\/9850\/revisions"}],"predecessor-version":[{"id":9851,"href":"https:\/\/ladepeche.mr\/index.php?rest_route=\/wp\/v2\/posts\/9850\/revisions\/9851"}],"wp:featuredmedia":[{"embeddable":true,"href":"https:\/\/ladepeche.mr\/index.php?rest_route=\/wp\/v2\/media\/8932"}],"wp:attachment":[{"href":"https:\/\/ladepeche.mr\/index.php?rest_route=%2Fwp%2Fv2%2Fmedia&parent=9850"}],"wp:term":[{"taxonomy":"category","embeddable":true,"href":"https:\/\/ladepeche.mr\/index.php?rest_route=%2Fwp%2Fv2%2Fcategories&post=9850"},{"taxonomy":"post_tag","embeddable":true,"href":"https:\/\/ladepeche.mr\/index.php?rest_route=%2Fwp%2Fv2%2Ftags&post=9850"}],"curies":[{"name":"wp","href":"https:\/\/api.w.org\/{rel}","templated":true}]}}