{"id":9858,"date":"2024-06-03T12:47:52","date_gmt":"2024-06-03T12:47:52","guid":{"rendered":"https:\/\/ladepeche.mr\/?p=9858"},"modified":"2024-06-03T12:47:52","modified_gmt":"2024-06-03T12:47:52","slug":"communique-8-laureats-primes-a-la-1ere-edition-des-african-cio-awards-organisee-au-gitex-africa","status":"publish","type":"post","link":"https:\/\/ladepeche.mr\/?p=9858","title":{"rendered":"Communiqu\u00e9 &#8211; 8 laur\u00e9ats prim\u00e9s \u00e0 la 1ere \u00e9dition des African CIO Awards organis\u00e9e au GITEX Africa"},"content":{"rendered":"<table class=\"yiv4074394960outer\" align=\"center\">\n<tbody>\n<tr>\n<td class=\"yiv4074394960body\"><strong>[Marrakech, le 3 juin 2024] \u00c0 l&#8217;occasion du GITEX Africa 2024, le m\u00e9dia tech panafricain Cio Mag a organis\u00e9 la premi\u00e8re \u00e9dition des African CIO Awards pour honorer l&#8217;excellence et l&#8217;innovation dans le secteur num\u00e9rique en Afrique. Les 12 finalistes ont pr\u00e9sent\u00e9 leurs projets devant un jury prestigieux le 29 mai au Hall 1 du GITEX Africa. Parmi eux, 8 laur\u00e9ats ont \u00e9t\u00e9 s\u00e9lectionn\u00e9s et ont re\u00e7u leurs troph\u00e9es lors de la soir\u00e9e de gala organis\u00e9e le 30 mai au Palais Soleiman.<\/strong><\/p>\n<p>Organis\u00e9s en partenariat avec le GITEX Africa et sous l\u2019\u00e9gide du Minist\u00e8re de la Transition Num\u00e9rique et de la R\u00e9forme de l\u2019Administration du Maroc, les African CIO Awards visent \u00e0 reconna\u00eetre et r\u00e9compenser les r\u00e9alisations des Directeurs des Syst\u00e8mes d\u2019Information (DSI) africains. En mettant en avant leurs r\u00e9alisations, cet \u00e9v\u00e9nement souligne l&#8217;engagement des DSI qui jouent un r\u00f4le crucial dans la transformation num\u00e9rique de leurs organisations et du continent dans son ensemble.<\/p>\n<p>Le mercredi 29 mai, lors du GITEX, les 12 finalistes ont pr\u00e9sent\u00e9 leur projet devant un jury prestigieux et un public nombreux \u00e0 l\u2019<em>Impact Stage<\/em>, dans le Hall 1. Huit d\u2019entre eux ont \u00e9t\u00e9 s\u00e9lectionn\u00e9s et ont re\u00e7u leurs troph\u00e9es lors du d\u00eener de gala organis\u00e9 au Palais Soleiman le jeudi 30 mai, qui a r\u00e9uni pr\u00e8s de 300 convives.<\/p>\n<p><strong>Cat\u00e9gorie \u201cInnovation\u201d<\/strong><\/p>\n<p>4 r\u00e9cipiendaires se sont vus remettre le Troph\u00e9e de l\u2019Innovation :<\/p>\n<ul>\n<li><strong>M. Nikolaos ANGELOPOULOS, MTN Group &#8211; Afrique du Sud\u00a0<\/strong>(Te\u0301le\u0301communications &#8211; secteur prive\u0301),<\/li>\n<li><strong>M. Aristide ADJINACOU, Agence des Syste\u0300mes d&#8217;Information et du Nume\u0301rique &#8211; Be\u0301nin\u00a0<\/strong>(Agence Gouvernementale &#8211; secteur public),<\/li>\n<li><strong>M. Affi Jean Yann ATTOUNGBRE, Orange Bank Africa &#8211; Co\u0302te d&#8217;Ivoire\u00a0<\/strong>(Fintech Te\u0301le\u0301communications &#8211; secteur prive\u0301),<\/li>\n<li><strong>M. Code\u0301 DIOP, IPRES\/Caisse de Se\u0301curite\u0301 Sociale &#8211; Se\u0301ne\u0301gal\u00a0<\/strong>(Pre\u0301voyance Retraite &#8211; secteur public).<\/li>\n<\/ul>\n<p><strong>Cat\u00e9gorie \u201cImpact\u201d<\/strong><\/p>\n<p>Dans la cat\u00e9gorie Impact, 3 troph\u00e9es ont \u00e9t\u00e9 remis aux DSI suivants :<\/p>\n<ul>\n<li><strong>M. Makan GUISSE, Orange Mali SA &#8211; Mali\u00a0<\/strong>(Te\u0301le\u0301communications &#8211; secteur prive\u0301),<\/li>\n<li><strong>M. Aziz CHABLOU, E\u0301pargne et Pre\u0301voyance sociale &#8211; Maroc\u00a0<\/strong>(Pre\u0301voyance retraite &#8211; secteur public),<\/li>\n<li><strong>M. Abdoulaye SALL, Kodol \u2013 Mali\u00a0<\/strong>(E\u0301levage, Technologies \u2013 secteur prive\u0301).<\/li>\n<\/ul>\n<p>Un prix sp\u00e9cial, le\u00a0<strong>Troph\u00e9e \u201cImpact Leadership\u201d,<\/strong>\u00a0a \u00e9t\u00e9 d\u00e9cern\u00e9 \u00e0<strong>\u00a0Hajar Khyati, de l\u2019Agence de D\u00e9veloppement du Digital,\u00a0<\/strong>r\u00e9compensant son leadership.<\/p>\n<p>Avant de remettre le troph\u00e9e du leadership,\u00a0<strong>Sarah LAMRANI, Secr\u00e9taire G\u00e9n\u00e9rale du Minist\u00e8re de la Transition Num\u00e9rique et de la R\u00e9forme de l\u2019Administration du Maroc<\/strong>, a exprim\u00e9 ses vives f\u00e9licitations \u00e0 tous les laur\u00e9ats des African Cio Awards et a salu\u00e9 l\u2019initiative. Elle a soulign\u00e9 l\u2019importance d\u2019accompagner ce type d\u2019initiatives visant \u00e0 promouvoir l\u2019excellence dans le domaine du leadership et de la technologie.<\/p>\n<p>Lors de son discours d\u2019ouverture,\u00a0<strong>Mohamadou Diallo, Fondateur de Cio Mag et des Awards<\/strong>, a ainsi affirm\u00e9 :\u00a0<em>\u201cCe soir, nous avons l&#8217;honneur de remettre des prix \u00e0 un groupe de DSI talentueux et visionnaires qui ont d\u00e9montr\u00e9 un leadership exceptionnel dans leur domaine. Leurs r\u00e9alisations sont une source d&#8217;inspiration pour nous tous. Je tiens \u00e0 f\u00e9liciter tous les laur\u00e9ats des African CIO Awards. Ils sont des mod\u00e8les pour leurs pairs et ils contribuent \u00e0 fa\u00e7onner un avenir num\u00e9rique meilleur pour l&#8217;Afrique.\u201d<\/em><\/p>\n<p><strong>Hamadoun Tour\u00e9, Pr\u00e9sident du jury et ancien Secr\u00e9taire G\u00e9n\u00e9ral de l\u2019Union Internationale des T\u00e9l\u00e9communications (UIT)<\/strong>, a exprim\u00e9 sa gratitude envers Mohamadou Diallo pour l\u2019organisation de cette premi\u00e8re \u00e9dition et pour le soutien apport\u00e9 par le Minist\u00e8re de la Transition Num\u00e9rique et de la R\u00e9forme de l\u2019Administration du Maroc.<\/p>\n<p>Il a \u00e9galement tenu \u00e0 remercier les membres du jury en d\u00e9clarant :\u00a0<em>\u201cJe souhaite remercier les membres du jury avec qui nous avons v\u00e9cu une aventure enrichissante.<\/em>\u00a0<em>Ensemble, nous avons d\u00e9couvert nos forces, nos faiblesses et, surtout, ce qui nous unit. Nous avons \u00e9t\u00e9 impressionn\u00e9s par la qualit\u00e9 et la maturit\u00e9 des projets pr\u00e9sent\u00e9s par ces DSI africains. Ils sont les moteurs de la transformation num\u00e9rique, rendant les entreprises et les organisations plus comp\u00e9titives, efficaces et innovantes. Nous les f\u00e9licitons et les encourageons vivement.\u201d<\/em><\/p>\n<p>Bien plus qu\u2019une simple c\u00e9r\u00e9monie de remises de prix, les CIO Awards visent \u00e0 cr\u00e9er un v\u00e9ritable \u00e9cosyst\u00e8me dynamique favorisant l&#8217;innovation, l&#8217;\u00e9mulation et l&#8217;\u00e9change de bonnes pratiques entre les pairs du secteur num\u00e9rique africain.<\/p>\n<p>Lors de la soir\u00e9e de gala, LAfricaMobile, fond\u00e9e par Malick Diouf en 2015, a par ailleurs annonc\u00e9 une lev\u00e9e de fonds de 4,3 millions d\u2019euros. La start-up, premi\u00e8re plateforme de communication multicanale en Afrique sp\u00e9cialis\u00e9e dans le cloud communication et le mobile marketing, souhaite renforcer sa position financi\u00e8re, acc\u00e9l\u00e9rer son expansion en Afrique francophone et centrale et investir dans l&#8217;intelligence artificielle pour une valeur ajout\u00e9e accrue \u00e0 ses clients et partenaires. Avec plus de 300 clients et des partenariats avec plus de 60 op\u00e9rateurs t\u00e9l\u00e9phoniques, LAfricaMobile op\u00e8re dans 15 pays.<\/td>\n<\/tr>\n<tr>\n<td class=\"yiv4074394960editor-notes\">\n<p class=\"yiv4074394960h2\">Note aux \u00e9diteurs<\/p>\n<p><strong>A propos des African CIO Awards<\/strong><\/p>\n<p>Organis\u00e9 sous l\u2019\u00e9gide du Minist\u00e8re de la Transition Num\u00e9rique marocain, cet \u00e9v\u00e9nement prestigieux r\u00e9unit les leaders du num\u00e9rique africain pour c\u00e9l\u00e9brer l&#8217;excellence et l&#8217;innovation dans le domaine des technologies de l&#8217;information. Les African CIO Awards sont une initiative visant \u00e0 c\u00e9l\u00e9brer l&#8217;excellence et l&#8217;innovation dans le domaine du num\u00e9rique en Afrique. Ils r\u00e9compensent les DSI qui ont r\u00e9alis\u00e9 des projets exceptionnels et qui contribuent \u00e0 la transformation num\u00e9rique de leurs organisations et de leurs pays. Pour plus d\u2019informations, consultez le site web\u00a0<a href=\"https:\/\/awards.events-ciomag.com\/\" target=\"_blank\" rel=\"nofollow noopener noreferrer\">https:\/\/awards.events-ciomag.com<\/a><\/td>\n<\/tr>\n<\/tbody>\n<\/table>\n","protected":false},"excerpt":{"rendered":"<p>[Marrakech, le 3 juin 2024] \u00c0 l&#8217;occasion du GITEX Africa 2024, le m\u00e9dia tech panafricain Cio Mag a organis\u00e9 la premi\u00e8re \u00e9dition des African CIO Awards pour honorer l&#8217;excellence et l&#8217;innovation dans le secteur num\u00e9rique en Afrique. Les 12 finalistes ont pr\u00e9sent\u00e9 leurs projets devant un jury prestigieux le 29 mai au Hall 1 du &hellip;<\/p>\n","protected":false},"author":2,"featured_media":9859,"comment_status":"open","ping_status":"open","sticky":false,"template":"","format":"standard","meta":{"footnotes":""},"categories":[18,19],"tags":[],"class_list":["post-9858","post","type-post","status-publish","format-standard","has-post-thumbnail","hentry","category-actualites","category-tribune"],"_links":{"self":[{"href":"https:\/\/ladepeche.mr\/index.php?rest_route=\/wp\/v2\/posts\/9858","targetHints":{"allow":["GET"]}}],"collection":[{"href":"https:\/\/ladepeche.mr\/index.php?rest_route=\/wp\/v2\/posts"}],"about":[{"href":"https:\/\/ladepeche.mr\/index.php?rest_route=\/wp\/v2\/types\/post"}],"author":[{"embeddable":true,"href":"https:\/\/ladepeche.mr\/index.php?rest_route=\/wp\/v2\/users\/2"}],"replies":[{"embeddable":true,"href":"https:\/\/ladepeche.mr\/index.php?rest_route=%2Fwp%2Fv2%2Fcomments&post=9858"}],"version-history":[{"count":1,"href":"https:\/\/ladepeche.mr\/index.php?rest_route=\/wp\/v2\/posts\/9858\/revisions"}],"predecessor-version":[{"id":9860,"href":"https:\/\/ladepeche.mr\/index.php?rest_route=\/wp\/v2\/posts\/9858\/revisions\/9860"}],"wp:featuredmedia":[{"embeddable":true,"href":"https:\/\/ladepeche.mr\/index.php?rest_route=\/wp\/v2\/media\/9859"}],"wp:attachment":[{"href":"https:\/\/ladepeche.mr\/index.php?rest_route=%2Fwp%2Fv2%2Fmedia&parent=9858"}],"wp:term":[{"taxonomy":"category","embeddable":true,"href":"https:\/\/ladepeche.mr\/index.php?rest_route=%2Fwp%2Fv2%2Fcategories&post=9858"},{"taxonomy":"post_tag","embeddable":true,"href":"https:\/\/ladepeche.mr\/index.php?rest_route=%2Fwp%2Fv2%2Ftags&post=9858"}],"curies":[{"name":"wp","href":"https:\/\/api.w.org\/{rel}","templated":true}]}}