{"id":9866,"date":"2024-06-03T18:29:49","date_gmt":"2024-06-03T18:29:49","guid":{"rendered":"https:\/\/ladepeche.mr\/?p=9866"},"modified":"2024-06-03T18:51:22","modified_gmt":"2024-06-03T18:51:22","slug":"elevage-la-mauritanie-compte-son-cheptel","status":"publish","type":"post","link":"https:\/\/ladepeche.mr\/?p=9866","title":{"rendered":"Elevage\u00a0: La Mauritanie compte son cheptel"},"content":{"rendered":"<p>Le minist\u00e8re de l\u2019\u00e9levage a fait recours \u00e0 l\u2019ANSAD pour \u00e9valuer statistiquement la masse du cheptel nationa (ovins, bovins et camelins). Le lancement de l\u2019op\u00e9ration de recensement a \u00e9t\u00e9 donn\u00e9e dans la commune d\u2019Aghchorghit (Brakna) en raison de sa vocation pastorale.<\/p>\n<p>Un recensement statistique qui serait \u00ab\u00a0le point de d\u00e9part de tout processus de planification et un d\u00e9terminant de la cr\u00e9dibilit\u00e9 et de la faisabilit\u00e9 des programmes de d\u00e9veloppement\u00a0\u00bb de ce secteur a soulign\u00e9 le ministre de l\u2019\u00e9levage \u00e0 l\u2019occasion du d\u00e9marrage de la campagne.<\/p>\n<p>La premi\u00e8re phase de l\u2019op\u00e9ration s\u2019\u00e9tale jusqu\u2019au 5 juillet prochain et serait suivie par une seconde aux points de passage frontaliers lors des transhumances pendant l&#8217;hivernage.<\/p>\n<p>Selon le ministre, cit\u00e9 par l\u2019Ami, \u2018 le \u2019recensement est supervis\u00e9 par l\u2019Agence nationale de la Statistique et de l\u2019Analyse D\u00e9mographique et Economique, financ\u00e9e par le Tr\u00e9sor public avec l\u2019appui financier et technique de la Banque mondiale et de l\u2019Organisation des Nations unies pour l\u2019Alimentation et l\u2019Agriculture (FAO)\u2019\u2019, a \u2013 il \u2013 pr\u00e9cis\u00e9.<\/p>\n<blockquote class=\"wp-embedded-content\" data-secret=\"UIkNWi0mML\"><p><a href=\"https:\/\/ladepeche.mr\/?p=4497\">Essor de l\u2019\u00e9levage : Prendre le taureau par les cornes<\/a><\/p><\/blockquote>\n<p><iframe loading=\"lazy\" class=\"wp-embedded-content\" sandbox=\"allow-scripts\" security=\"restricted\" style=\"position: absolute; clip: rect(1px, 1px, 1px, 1px);\" title=\"\u00ab\u00a0Essor de l\u2019\u00e9levage : Prendre le taureau par les cornes\u00a0\u00bb &#8212; La D\u00e9p\u00eache  de Mauritanie et du Sahel\" src=\"https:\/\/ladepeche.mr\/?p=4497&#038;embed=true#?secret=7Fb2JqlOJf#?secret=UIkNWi0mML\" data-secret=\"UIkNWi0mML\" width=\"500\" height=\"282\" frameborder=\"0\" marginwidth=\"0\" marginheight=\"0\" scrolling=\"no\"><\/iframe><\/p>\n<p>Le plan national du d\u00e9veloppement de l\u2019\u00e9levage 2018-2025 estimait que l\u2019\u00e9levage contribuait \u00e0 l\u2019\u00e9conomie nationale pour 70% de la valeur ajout\u00e9e du secteur rural et qu\u2019il occuperait plus de 70% de la population active.<\/p>\n<p>Notons enfin \u00e0 la lumi\u00e8re de ce plan que la \u00ab\u00a0Mauritanie dispose d\u2019importantes ressources animales. Les productions sont repr\u00e9sent\u00e9es principalement par les viandes rouges (avec un exc\u00e9dent de 40% de la production nationale), le lait et les peaux et cuirs\u00a0\u00bb.<\/p>\n","protected":false},"excerpt":{"rendered":"<p>Le minist\u00e8re de l\u2019\u00e9levage a fait recours \u00e0 l\u2019ANSAD pour \u00e9valuer statistiquement la masse du cheptel nationa (ovins, bovins et camelins). Le lancement de l\u2019op\u00e9ration de recensement a \u00e9t\u00e9 donn\u00e9e dans la commune d\u2019Aghchorghit (Brakna) en raison de sa vocation pastorale. Un recensement statistique qui serait \u00ab\u00a0le point de d\u00e9part de tout processus de planification &hellip;<\/p>\n","protected":false},"author":2,"featured_media":4498,"comment_status":"open","ping_status":"open","sticky":false,"template":"","format":"standard","meta":{"footnotes":""},"categories":[18,2],"tags":[],"class_list":["post-9866","post","type-post","status-publish","format-standard","has-post-thumbnail","hentry","category-actualites","category-economie"],"_links":{"self":[{"href":"https:\/\/ladepeche.mr\/index.php?rest_route=\/wp\/v2\/posts\/9866","targetHints":{"allow":["GET"]}}],"collection":[{"href":"https:\/\/ladepeche.mr\/index.php?rest_route=\/wp\/v2\/posts"}],"about":[{"href":"https:\/\/ladepeche.mr\/index.php?rest_route=\/wp\/v2\/types\/post"}],"author":[{"embeddable":true,"href":"https:\/\/ladepeche.mr\/index.php?rest_route=\/wp\/v2\/users\/2"}],"replies":[{"embeddable":true,"href":"https:\/\/ladepeche.mr\/index.php?rest_route=%2Fwp%2Fv2%2Fcomments&post=9866"}],"version-history":[{"count":2,"href":"https:\/\/ladepeche.mr\/index.php?rest_route=\/wp\/v2\/posts\/9866\/revisions"}],"predecessor-version":[{"id":9874,"href":"https:\/\/ladepeche.mr\/index.php?rest_route=\/wp\/v2\/posts\/9866\/revisions\/9874"}],"wp:featuredmedia":[{"embeddable":true,"href":"https:\/\/ladepeche.mr\/index.php?rest_route=\/wp\/v2\/media\/4498"}],"wp:attachment":[{"href":"https:\/\/ladepeche.mr\/index.php?rest_route=%2Fwp%2Fv2%2Fmedia&parent=9866"}],"wp:term":[{"taxonomy":"category","embeddable":true,"href":"https:\/\/ladepeche.mr\/index.php?rest_route=%2Fwp%2Fv2%2Fcategories&post=9866"},{"taxonomy":"post_tag","embeddable":true,"href":"https:\/\/ladepeche.mr\/index.php?rest_route=%2Fwp%2Fv2%2Ftags&post=9866"}],"curies":[{"name":"wp","href":"https:\/\/api.w.org\/{rel}","templated":true}]}}