{"id":9868,"date":"2024-06-03T18:46:44","date_gmt":"2024-06-03T18:46:44","guid":{"rendered":"https:\/\/ladepeche.mr\/?p=9868"},"modified":"2024-06-03T18:46:44","modified_gmt":"2024-06-03T18:46:44","slug":"all-eyes-on-rafah-le-mouvement-mondial-partage-par-plus-de-44-millions-de-personnes","status":"publish","type":"post","link":"https:\/\/ladepeche.mr\/?p=9868","title":{"rendered":"&#8216;All eyes on Rafah&#8217;: Le mouvement mondial partag\u00e9 par plus de 44 millions de personnes"},"content":{"rendered":"<div class=\"bbc-19j92fr ebmt73l0\" dir=\"ltr\">\n<p class=\"bbc-1y32vyc e17g058b0\" dir=\"ltr\"><b>Une image g\u00e9n\u00e9r\u00e9e par l&#8217;IA repr\u00e9sentant des camps de tentes pour les Palestiniens d\u00e9plac\u00e9s et un slogan qui dit &#8220;All Eyes on Rafah,&#8221; (\u00ab Tous les yeux sur Rafah \u00bb), balaie les m\u00e9dias sociaux.<\/b><\/p>\n<\/div>\n<div class=\"bbc-19j92fr ebmt73l0\" dir=\"ltr\">\n<p class=\"bbc-1y32vyc e17g058b0\" dir=\"ltr\">BBC Arabic a retrac\u00e9 la source du post en Malaisie que plus de 44 millions d&#8217;utilisateurs d&#8217;Instagram ont partag\u00e9 &#8211; y compris des c\u00e9l\u00e9brit\u00e9s de l&#8217;Inde, du Pakistan et de Porto Rico.<\/p>\n<\/div>\n<div class=\"bbc-19j92fr ebmt73l0\" dir=\"ltr\">\n<p class=\"bbc-1y32vyc e17g058b0\" dir=\"ltr\">L&#8217;image et le slogan sont devenus viraux apr\u00e8s une frappe a\u00e9rienne isra\u00e9lienne et l&#8217;incendie qui en a r\u00e9sult\u00e9 dans un camp de Palestiniens d\u00e9plac\u00e9s dans la ville de Rafah, dans le sud de Gaza.<\/p>\n<\/div>\n<div class=\"bbc-19j92fr ebmt73l0\" dir=\"ltr\">\n<p class=\"bbc-1y32vyc e17g058b0\" dir=\"ltr\">Le minist\u00e8re de la sant\u00e9, dirig\u00e9 par le Hamas, a d\u00e9clar\u00e9 qu&#8217;au moins 45 personnes avaient \u00e9t\u00e9 tu\u00e9es dans l&#8217;incident. Des centaines d&#8217;autres ont \u00e9t\u00e9 soign\u00e9es pour des br\u00fblures graves, des fractures et des blessures caus\u00e9es par des \u00e9clats d&#8217;obus.<\/p>\n<\/div>\n<div class=\"bbc-19j92fr ebmt73l0\" dir=\"ltr\">\n<p class=\"bbc-1y32vyc e17g058b0\" dir=\"ltr\">Un certain nombre de dirigeants mondiaux, de chefs d&#8217;\u00c9tat et d&#8217;organisations internationales ont exprim\u00e9 leur condamnation et leur tristesse face \u00e0 ces d\u00e9c\u00e8s.<\/p>\n<\/div>\n<div class=\"bbc-19j92fr ebmt73l0\" dir=\"ltr\">\n<p class=\"bbc-1y32vyc e17g058b0\" dir=\"ltr\">Le premier ministre isra\u00e9lien, Benjamin Netanyahu, a parl\u00e9 d&#8217;une \u00ab erreur tragique \u00bb et a confirm\u00e9 qu&#8217;une enqu\u00eate avait \u00e9t\u00e9 ouverte.<\/p>\n<\/div>\n<div class=\"bbc-19j92fr ebmt73l0\" dir=\"ltr\">\n<p class=\"bbc-1y32vyc e17g058b0\" dir=\"ltr\">Le porte-parole du Conseil de s\u00e9curit\u00e9 nationale de la Maison Blanche, John Kirby, a qualifi\u00e9 les sc\u00e8nes de \u00ab d\u00e9chirantes \u00bb. Mais il a annonc\u00e9 qu&#8217;il n&#8217;y aurait \u00ab aucun changement de politique \u00e0 signaler \u00bb.<\/p>\n<\/div>\n<div class=\"bbc-19j92fr ebmt73l0\" dir=\"ltr\">\n<p class=\"bbc-1y32vyc e17g058b0\" dir=\"ltr\">Apr\u00e8s que les tentes de Rafah ont \u00e9t\u00e9 touch\u00e9es, l&#8217;image est devenue virale lorsqu&#8217;un jeune homme de Malaisie l&#8217;a post\u00e9e sur son compte de m\u00e9dias sociaux, selon les conclusions de BBC Arabic.<\/p>\n<\/div>\n<div class=\"bbc-19j92fr ebmt73l0\" dir=\"ltr\">\n<p class=\"bbc-1y32vyc e17g058b0\" dir=\"ltr\"><b>Comment cette image est-elle apparue ?<\/b><\/p>\n<p dir=\"ltr\">Lire la suite sur: https:\/\/www.bbc.com\/afrique\/articles\/cp00d157r6qo<\/p>\n<\/div>\n","protected":false},"excerpt":{"rendered":"<p>Une image g\u00e9n\u00e9r\u00e9e par l&#8217;IA repr\u00e9sentant des camps de tentes pour les Palestiniens d\u00e9plac\u00e9s et un slogan qui dit &#8220;All Eyes on Rafah,&#8221; (\u00ab Tous les yeux sur Rafah \u00bb), balaie les m\u00e9dias sociaux. BBC Arabic a retrac\u00e9 la source du post en Malaisie que plus de 44 millions d&#8217;utilisateurs d&#8217;Instagram ont partag\u00e9 &#8211; y &hellip;<\/p>\n","protected":false},"author":2,"featured_media":9869,"comment_status":"open","ping_status":"open","sticky":false,"template":"","format":"standard","meta":{"footnotes":""},"categories":[18,29],"tags":[],"class_list":["post-9868","post","type-post","status-publish","format-standard","has-post-thumbnail","hentry","category-actualites","category-monde"],"_links":{"self":[{"href":"https:\/\/ladepeche.mr\/index.php?rest_route=\/wp\/v2\/posts\/9868","targetHints":{"allow":["GET"]}}],"collection":[{"href":"https:\/\/ladepeche.mr\/index.php?rest_route=\/wp\/v2\/posts"}],"about":[{"href":"https:\/\/ladepeche.mr\/index.php?rest_route=\/wp\/v2\/types\/post"}],"author":[{"embeddable":true,"href":"https:\/\/ladepeche.mr\/index.php?rest_route=\/wp\/v2\/users\/2"}],"replies":[{"embeddable":true,"href":"https:\/\/ladepeche.mr\/index.php?rest_route=%2Fwp%2Fv2%2Fcomments&post=9868"}],"version-history":[{"count":1,"href":"https:\/\/ladepeche.mr\/index.php?rest_route=\/wp\/v2\/posts\/9868\/revisions"}],"predecessor-version":[{"id":9870,"href":"https:\/\/ladepeche.mr\/index.php?rest_route=\/wp\/v2\/posts\/9868\/revisions\/9870"}],"wp:featuredmedia":[{"embeddable":true,"href":"https:\/\/ladepeche.mr\/index.php?rest_route=\/wp\/v2\/media\/9869"}],"wp:attachment":[{"href":"https:\/\/ladepeche.mr\/index.php?rest_route=%2Fwp%2Fv2%2Fmedia&parent=9868"}],"wp:term":[{"taxonomy":"category","embeddable":true,"href":"https:\/\/ladepeche.mr\/index.php?rest_route=%2Fwp%2Fv2%2Fcategories&post=9868"},{"taxonomy":"post_tag","embeddable":true,"href":"https:\/\/ladepeche.mr\/index.php?rest_route=%2Fwp%2Fv2%2Ftags&post=9868"}],"curies":[{"name":"wp","href":"https:\/\/api.w.org\/{rel}","templated":true}]}}