{"id":9886,"date":"2024-06-10T13:02:29","date_gmt":"2024-06-10T13:02:29","guid":{"rendered":"https:\/\/ladepeche.mr\/?p=9886"},"modified":"2024-06-10T13:02:29","modified_gmt":"2024-06-10T13:02:29","slug":"forces-armees-nationales-un-nouvel-arsenal-pour-rester-operationnelles","status":"publish","type":"post","link":"https:\/\/ladepeche.mr\/?p=9886","title":{"rendered":"Forces arm\u00e9es nationales\u00a0: Un nouvel arsenal pour rester op\u00e9rationnelles"},"content":{"rendered":"<p>Le pr\u00e9sident de la R\u00e9publique, Mohamed Ould Ghazouani, a pr\u00e9sid\u00e9, dimanche, au si\u00e8ge de la 6\u00e8me r\u00e9gion militaire, la r\u00e9ception d\u2019un important arsenal militaire pour les besoins des forces arm\u00e9es nationales. La visite pr\u00e9sidentielle s\u2019est d\u00e9roul\u00e9e en pr\u00e9sence du ministre de la d\u00e9fense, Hanena Ould Sidi, et du chef des \u00e9tats-majors des arm\u00e9es, le G\u00e9n\u00e9ral, Moctar Ould Chabane, entour\u00e9 de ses proches collaborateurs.<\/p>\n<p>L&#8217;acquisition de ces nouveaux \u00e9quipements s\u2019inscrirait dans le souci\u00a0\u00ab\u00a0d\u2019\u00e9lever le niveau op\u00e9rationnel et la pr\u00e9paration au combat\u00a0\u00bb des diff\u00e9rents corps d\u2019arm\u00e9es terrestres, a\u00e9riennes et maritimes.<\/p>\n<p><img loading=\"lazy\" decoding=\"async\" class=\"aligncenter wp-image-9889 size-full\" src=\"http:\/\/ladepeche.mr\/wp-content\/uploads\/2022\/07\/FAMA-JUIN-24.png\" alt=\"\" width=\"1030\" height=\"672\" srcset=\"https:\/\/ladepeche.mr\/wp-content\/uploads\/2022\/07\/FAMA-JUIN-24.png 1030w, https:\/\/ladepeche.mr\/wp-content\/uploads\/2022\/07\/FAMA-JUIN-24-300x196.png 300w, https:\/\/ladepeche.mr\/wp-content\/uploads\/2022\/07\/FAMA-JUIN-24-1024x668.png 1024w, https:\/\/ladepeche.mr\/wp-content\/uploads\/2022\/07\/FAMA-JUIN-24-768x501.png 768w\" sizes=\"auto, (max-width: 1030px) 100vw, 1030px\" \/>Le nouvel arsenal comprend, \u00e0 titre indicatif, des unit\u00e9s blind\u00e9es \u00e9quip\u00e9es d\u2019armes sophistiqu\u00e9es, des syst\u00e8mes de communication, des armes d\u2019artillerie lourde, d\u2019unit\u00e9s anti-blind\u00e9es, des rampes de missiles et des unit\u00e9s antia\u00e9riennes, des avions, des stations radar et des drones de reconnaissance capables d&#8217;assurer la surveillance, le contr\u00f4le et le guidage pr\u00e9cis des missiles. Ces \u00e9quipements portent aussi sur l\u2019acquisition d\u2019avions d&#8217;attaque. La qualit\u00e9 de l\u2019aviation et son efficacit\u00e9 r\u00e9siderait dans sa capacit\u00e9 \u00e0 fournir une couvrir totale, et \u00e0 tout moment, de l\u2019int\u00e9grit\u00e9 territoriale nationale y compris les eaux territoriales, ont expliqu\u00e9 les responsables des FAMA.<\/p>\n<p>Aucune r\u00e9v\u00e9lation sur l\u2019origine et le montant global de ces nouvelles acquisitions n\u2019a \u00e9t\u00e9 donn\u00e9e par la Grande Muette.<\/p>\n<p>Une course \u00e0 l\u2019armement \u00e0 travers des d\u00e9penses militaires est de plus en plus perceptible dans les r\u00e9gions du Sahel et Maghreb Arabe, en raison des soubresauts g\u00e9opolitiques indissociables aujourd\u2019hui des clivages entre la Russie et l\u2019Occident.<\/p>\n<p>A noter enfin que l\u2019ue avait promis \u00e0 notre pays un soutien en mat\u00e9riel militaire qui devrait \u00eatre fourni par l\u2019Otan.<\/p>\n<p>&nbsp;<\/p>\n","protected":false},"excerpt":{"rendered":"<p>Le pr\u00e9sident de la R\u00e9publique, Mohamed Ould Ghazouani, a pr\u00e9sid\u00e9, dimanche, au si\u00e8ge de la 6\u00e8me r\u00e9gion militaire, la r\u00e9ception d\u2019un important arsenal militaire pour les besoins des forces arm\u00e9es nationales. La visite pr\u00e9sidentielle s\u2019est d\u00e9roul\u00e9e en pr\u00e9sence du ministre de la d\u00e9fense, Hanena Ould Sidi, et du chef des \u00e9tats-majors des arm\u00e9es, le G\u00e9n\u00e9ral, &hellip;<\/p>\n","protected":false},"author":2,"featured_media":9887,"comment_status":"open","ping_status":"open","sticky":false,"template":"","format":"standard","meta":{"footnotes":""},"categories":[18],"tags":[],"class_list":["post-9886","post","type-post","status-publish","format-standard","has-post-thumbnail","hentry","category-actualites"],"_links":{"self":[{"href":"https:\/\/ladepeche.mr\/index.php?rest_route=\/wp\/v2\/posts\/9886","targetHints":{"allow":["GET"]}}],"collection":[{"href":"https:\/\/ladepeche.mr\/index.php?rest_route=\/wp\/v2\/posts"}],"about":[{"href":"https:\/\/ladepeche.mr\/index.php?rest_route=\/wp\/v2\/types\/post"}],"author":[{"embeddable":true,"href":"https:\/\/ladepeche.mr\/index.php?rest_route=\/wp\/v2\/users\/2"}],"replies":[{"embeddable":true,"href":"https:\/\/ladepeche.mr\/index.php?rest_route=%2Fwp%2Fv2%2Fcomments&post=9886"}],"version-history":[{"count":2,"href":"https:\/\/ladepeche.mr\/index.php?rest_route=\/wp\/v2\/posts\/9886\/revisions"}],"predecessor-version":[{"id":9893,"href":"https:\/\/ladepeche.mr\/index.php?rest_route=\/wp\/v2\/posts\/9886\/revisions\/9893"}],"wp:featuredmedia":[{"embeddable":true,"href":"https:\/\/ladepeche.mr\/index.php?rest_route=\/wp\/v2\/media\/9887"}],"wp:attachment":[{"href":"https:\/\/ladepeche.mr\/index.php?rest_route=%2Fwp%2Fv2%2Fmedia&parent=9886"}],"wp:term":[{"taxonomy":"category","embeddable":true,"href":"https:\/\/ladepeche.mr\/index.php?rest_route=%2Fwp%2Fv2%2Fcategories&post=9886"},{"taxonomy":"post_tag","embeddable":true,"href":"https:\/\/ladepeche.mr\/index.php?rest_route=%2Fwp%2Fv2%2Ftags&post=9886"}],"curies":[{"name":"wp","href":"https:\/\/api.w.org\/{rel}","templated":true}]}}