{"id":9897,"date":"2024-06-10T13:29:09","date_gmt":"2024-06-10T13:29:09","guid":{"rendered":"https:\/\/ladepeche.mr\/?p=9897"},"modified":"2024-06-10T13:29:09","modified_gmt":"2024-06-10T13:29:09","slug":"elections-europeennes-2024-dissolution-de-lassemblee-nationale-rn-en-tete-ce-quil-faut-retenir-des-resultats-en-france","status":"publish","type":"post","link":"https:\/\/ladepeche.mr\/?p=9897","title":{"rendered":"Elections europ\u00e9ennes 2024 : dissolution de l\u2019Assembl\u00e9e nationale, RN en t\u00eate\u2026 ce qu\u2019il faut retenir des r\u00e9sultats en France"},"content":{"rendered":"<p>En arrivant en premi\u00e8re position avec 31,4 % des voix, le Rassemblement national (RN) domine largement les autres partis \u00e0 l\u2019issue du scrutin europ\u00e9en. Le pr\u00e9sident de la R\u00e9publique, Emmanuel Macron, a annonc\u00e9 des \u00e9lections l\u00e9gislatives anticip\u00e9es.<\/p>\n<p>C\u2019est peu dire que ces \u00e9lections europ\u00e9ennes 2024 auront entra\u00een\u00e9 des cons\u00e9quences sur la sc\u00e8ne politique fran\u00e7aise. Avec 31,4 % des voix et 30 \u00e9lus au\u00a0<span class=\"mywpglossary-popin\" data-title=\"parlement-europeen\" data-url=\"https:\/\/www.touteleurope.eu\/le-glossaire-de-l-europe\/#parlement-europeen\" aria-expanded=\"false\">Parlement europ\u00e9en<\/span>, le Rassemblement national, men\u00e9 par Jordan Bardella, devance de loin les autres candidats. Derri\u00e8re, la liste de la majorit\u00e9 pr\u00e9sidentielle, men\u00e9e par Val\u00e9rie Hayer, r\u00e9colte 14,6\u00a0% des suffrages, \u00e0 quelques encablures de l\u2019alliance entre le Parti socialiste et Place Publique. Port\u00e9e par Rapha\u00ebl Glusckmann, elle obtient 13,8\u00a0% des\u00a0voix.<\/p>\n<p>Face \u00e0 ces r\u00e9sultats, Emmanuel Macron a dissous l\u2019Assembl\u00e9e nationale. \u201c<em>J\u2019ai d\u00e9cid\u00e9 de vous redonner le choix de notre avenir parlementaire par le vote<\/em>\u201d, a d\u00e9clar\u00e9 le pr\u00e9sident de la R\u00e9publique apr\u00e8s 20h. Des \u00e9lections l\u00e9gislatives anticip\u00e9es se tiendront le 30\u00a0juin et le 7\u00a0juillet.<\/p>\n<p>Dans la foul\u00e9e de l\u2019annonce des estimations, Jordan Bardella avait salu\u00e9 un \u201c<em>verdict sans appel<\/em>\u201d envoy\u00e9 par les Fran\u00e7ais contre la politique du gouvernement et les dirigeants europ\u00e9ens. L\u2019eurod\u00e9put\u00e9 et pr\u00e9sident du RN avait demand\u00e9 au chef de l\u2019Etat \u201c<em>d\u2019en revenir au peuple fran\u00e7ais<\/em>\u201d. D\u00e9j\u00e0\u00a0<span class=\"mywpglossary-popin\" data-title=\"tete-de-liste\" data-url=\"https:\/\/www.touteleurope.eu\/le-glossaire-de-l-europe\/#tete-de-liste\" aria-expanded=\"false\">t\u00eate de liste<\/span>\u00a0lors des \u00e9lections europ\u00e9ennes de 2019, Jordan Bardella am\u00e9liore de 8 points son score par rapport au dernier scrutin, o\u00f9 il avait recueilli plus de 23,3\u00a0% des suffrages. La d\u00e9l\u00e9gation d\u2019extr\u00eame droite gagne ainsi 12 si\u00e8ges par rapport \u00e0 ses effectifs actuels. Un score haut alors que la participation en France atteint 51,49\u00a0%, ce qui repr\u00e9sente un record pour des \u00e9lections europ\u00e9ennes depuis 1994.<\/p>\n<h2 class=\"wp-block-heading\">Renaissance devant une alliance PS-PP en dynamique<\/h2>\n<p>Absent de la premi\u00e8re place sur le podium, le parti pr\u00e9sidentiel s\u2019\u00e9vite toutefois la d\u00e9convenue de terminer en troisi\u00e8me position. \u201c<em>Pas un responsable politique qui aime la France et qui aime l\u2019Europe ne peut se r\u00e9jouir<\/em>\u201d,<em>\u00a0<\/em>a d\u00e9clar\u00e9 Val\u00e9rie Hayer un peu plus tard dans la soir\u00e9e<em>. \u201cDans le monde d\u2019aujourd\u2019hui, l\u2019int\u00e9r\u00eat du pays et celui des Fran\u00e7ais, c\u2019est l\u2019Europe<\/em>\u201d, a estim\u00e9 la\u00a0<span class=\"mywpglossary-term-def\" data-title=\"tete-de-liste\" data-url=\"https:\/\/www.touteleurope.eu\/le-glossaire-de-l-europe\/#tete-de-liste\">t\u00eate de liste<\/span>\u00a0de Renaissance, qui pr\u00e9side aussi le groupe\u00a0<span class=\"mywpglossary-popin\" data-title=\"renew-europe\" data-url=\"https:\/\/www.touteleurope.eu\/le-glossaire-de-l-europe\/#renew-europe\" aria-expanded=\"false\">Renew Europe<\/span>\u00a0(lib\u00e9raux) au\u00a0<span class=\"mywpglossary-term-def\" data-title=\"parlement-europeen\" data-url=\"https:\/\/www.touteleurope.eu\/le-glossaire-de-l-europe\/#parlement-europeen\">Parlement europ\u00e9en<\/span>. Parmi les eurod\u00e9put\u00e9s sortants r\u00e9\u00e9lus, on trouve le pr\u00e9sident de la commission de l\u2019Environnement au\u00a0<span class=\"mywpglossary-term-def\" data-title=\"parlement-europeen\" data-url=\"https:\/\/www.touteleurope.eu\/le-glossaire-de-l-europe\/#parlement-europeen\">Parlement europ\u00e9en<\/span>, Pascal Canfin, Bernard Guetta ou Nathalie Loiseau.<\/p>\n<p>Avec 14,6\u00a0% des suffrages, sa liste doit en effet r\u00e9colter 13\u00a0si\u00e8ges au\u00a0<span class=\"mywpglossary-term-def\" data-title=\"parlement-europeen\" data-url=\"https:\/\/www.touteleurope.eu\/le-glossaire-de-l-europe\/#parlement-europeen\">Parlement europ\u00e9en<\/span>. Elle devance de peu celle du Parti socialiste \u2013 Place publique, port\u00e9e par Rapha\u00ebl Glucksmann. Les r\u00e9sultats du minist\u00e8re de l\u2019Int\u00e9rieur la donnent \u00e0 13,8\u00a0% et 13\u00a0si\u00e8ges \u00e9galement. \u201c<em>Nous devons continuer \u00e0 cultiver cette esp\u00e9rance qui est n\u00e9e pendant cette campagne. C\u2019est notre devoir et c\u2019est aussi notre bou\u00e9e de sauvetage<\/em>\u201d, a estim\u00e9 l\u2019eurod\u00e9put\u00e9, qui retrouvera les bancs du\u00a0<span class=\"mywpglossary-term-def\" data-title=\"parlement-europeen\" data-url=\"https:\/\/www.touteleurope.eu\/le-glossaire-de-l-europe\/#parlement-europeen\">Parlement europ\u00e9en<\/span>, notamment aux c\u00f4t\u00e9s des sortantes Nora Mebarek et Aurore Lalucq. Les socialistes fran\u00e7ais r\u00e9ussissent l\u2019exploit de quasiment doubler leur nombre de si\u00e8ges, passant de 7 \u00e0 13\u00a0\u00e9lus.<\/p>\n<h2 class=\"wp-block-heading\">La France insoumise deuxi\u00e8me \u00e0 gauche<\/h2>\n<p>Manon Aubry semble quant \u00e0 elle avoir b\u00e9n\u00e9fici\u00e9 d\u2019une mobilisation dans ces derniers jours de campagne europ\u00e9enne. Arriv\u00e9e \u00e0 9,9 %, La France insoumise enregistre un score final plus \u00e9lev\u00e9 que ce que pouvaient laisser penser\u00a0<a href=\"https:\/\/www.touteleurope.eu\/institutions\/elections-europeennes-2024-qu-indiquent-les-sondages-pour-la-france\/\">les enqu\u00eates d\u2019opinion<\/a>\u00a0avant le vote. \u201c<em>Nous sommes ce soir plus forts que nous ne l\u2019\u00e9tions en 2019<\/em>,\u00a0<em>et nous aurons plus d\u2019\u00e9lus demain au\u00a0<span class=\"mywpglossary-term-def\" data-title=\"parlement-europeen\" data-url=\"https:\/\/www.touteleurope.eu\/le-glossaire-de-l-europe\/#parlement-europeen\">Parlement europ\u00e9en<\/span>\u00a0pour mener le combat<\/em>\u201d, a constat\u00e9 la\u00a0<span class=\"mywpglossary-term-def\" data-title=\"tete-de-liste\" data-url=\"https:\/\/www.touteleurope.eu\/le-glossaire-de-l-europe\/#tete-de-liste\">t\u00eate de liste<\/span>\u00a0LFI, qui a \u00e9galement \u00e9trill\u00e9 Emmanuel Macron et Jordan Bardella. Le mouvement de gauche radicale est en mesure d\u2019obtenir 9 \u00e9lus (contre 6 aujourd\u2019hui), dont le sortant Younous Omarjee, ou la juriste pro-palestinienne Rima Hassan.<\/p>\n<p>\u201c<em>Ce soir, ce n\u2019est pas la fin d\u2019une campagne, c\u2019est le d\u00e9but d\u2019un long chemin<\/em>\u201d, a pour sa part estim\u00e9 la\u00a0<span class=\"mywpglossary-term-def\" data-title=\"tete-de-liste\" data-url=\"https:\/\/www.touteleurope.eu\/le-glossaire-de-l-europe\/#tete-de-liste\">t\u00eate de liste<\/span>\u00a0des R\u00e9publicains, Fran\u00e7ois-Xavier Bellamy. Avec 7,2 % et six si\u00e8ges, le parti conservateur perd deux \u00e9lus dans l\u2019h\u00e9micycle strasbourgeois. Sur la question de la dissolution de l\u2019Assembl\u00e9e nationale, le pr\u00e9sident du parti Eric Ciotti a refus\u00e9 la main tendue de Renaissance, assurant que LR ne partirait pas aux c\u00f4t\u00e9s de la majorit\u00e9 pr\u00e9sidentielle lors des prochaines \u00e9lections l\u00e9gislatives.<\/p>\n<p>Lire la suite sur https:\/\/www.touteleurope.eu\/vie-politique-des-etats-membres\/elections-europeennes-2024-dissolution-de-l-assemblee-nationale-rn-en-tete-ce-qu-il-faut-retenir-des-resultats-en-france\/<\/p>\n","protected":false},"excerpt":{"rendered":"<p>En arrivant en premi\u00e8re position avec 31,4 % des voix, le Rassemblement national (RN) domine largement les autres partis \u00e0 l\u2019issue du scrutin europ\u00e9en. Le pr\u00e9sident de la R\u00e9publique, Emmanuel Macron, a annonc\u00e9 des \u00e9lections l\u00e9gislatives anticip\u00e9es. C\u2019est peu dire que ces \u00e9lections europ\u00e9ennes 2024 auront entra\u00een\u00e9 des cons\u00e9quences sur la sc\u00e8ne politique fran\u00e7aise. Avec &hellip;<\/p>\n","protected":false},"author":2,"featured_media":9898,"comment_status":"open","ping_status":"open","sticky":false,"template":"","format":"standard","meta":{"footnotes":""},"categories":[18,29],"tags":[],"class_list":["post-9897","post","type-post","status-publish","format-standard","has-post-thumbnail","hentry","category-actualites","category-monde"],"_links":{"self":[{"href":"https:\/\/ladepeche.mr\/index.php?rest_route=\/wp\/v2\/posts\/9897","targetHints":{"allow":["GET"]}}],"collection":[{"href":"https:\/\/ladepeche.mr\/index.php?rest_route=\/wp\/v2\/posts"}],"about":[{"href":"https:\/\/ladepeche.mr\/index.php?rest_route=\/wp\/v2\/types\/post"}],"author":[{"embeddable":true,"href":"https:\/\/ladepeche.mr\/index.php?rest_route=\/wp\/v2\/users\/2"}],"replies":[{"embeddable":true,"href":"https:\/\/ladepeche.mr\/index.php?rest_route=%2Fwp%2Fv2%2Fcomments&post=9897"}],"version-history":[{"count":1,"href":"https:\/\/ladepeche.mr\/index.php?rest_route=\/wp\/v2\/posts\/9897\/revisions"}],"predecessor-version":[{"id":9899,"href":"https:\/\/ladepeche.mr\/index.php?rest_route=\/wp\/v2\/posts\/9897\/revisions\/9899"}],"wp:featuredmedia":[{"embeddable":true,"href":"https:\/\/ladepeche.mr\/index.php?rest_route=\/wp\/v2\/media\/9898"}],"wp:attachment":[{"href":"https:\/\/ladepeche.mr\/index.php?rest_route=%2Fwp%2Fv2%2Fmedia&parent=9897"}],"wp:term":[{"taxonomy":"category","embeddable":true,"href":"https:\/\/ladepeche.mr\/index.php?rest_route=%2Fwp%2Fv2%2Fcategories&post=9897"},{"taxonomy":"post_tag","embeddable":true,"href":"https:\/\/ladepeche.mr\/index.php?rest_route=%2Fwp%2Fv2%2Ftags&post=9897"}],"curies":[{"name":"wp","href":"https:\/\/api.w.org\/{rel}","templated":true}]}}