{"id":9919,"date":"2024-06-12T20:57:04","date_gmt":"2024-06-12T20:57:04","guid":{"rendered":"https:\/\/ladepeche.mr\/?p=9919"},"modified":"2024-06-12T20:57:04","modified_gmt":"2024-06-12T20:57:04","slug":"nomination-de-m-el-kebir-mdarhri-alaoui-comme-representant-de-lunicef-en-mauritanie","status":"publish","type":"post","link":"https:\/\/ladepeche.mr\/?p=9919","title":{"rendered":"Nomination de M. El Kebir Mdarhri Alaoui comme Repr\u00e9sentant de l&#8217;UNICEF en Mauritanie"},"content":{"rendered":"<p>Nomination de M. El Kebir Mdarhri Alaoui comme Repr\u00e9sentant de l&#8217;UNICEF en Mauritanie<br \/>\nNouakchott, Mauritanie \u2013 Le 11 juin 2024, M. El Kebir Mdarhri Alaoui a officiellement pris ses fonctions en tant que nouveau Repr\u00e9sentant de l&#8217;UNICEF en Mauritanie. Fort de plus de 30 ans d&#8217;exp\u00e9rience en d\u00e9veloppement international, M. Alaoui a occup\u00e9 divers postes de direction au sein du gouvernement du Maroc et des Nations Unies \u00e0 travers le monde.<br \/>\nAujourd&#8217;hui, M. Alaoui a rencontr\u00e9 le Ministre des Affaires \u00c9trang\u00e8res et de la Coop\u00e9ration, Son Excellence Monsieur Mohamed Merzoug, pour pr\u00e9senter ses lettres de cr\u00e9ance. Cette rencontre a \u00e9t\u00e9 l&#8217;occasion de remercier le gouvernement mauritanien pour son engagement constant et pour la place de choix qu\u2019il accorde \u00e0 l\u2019UNICEF en tant que partenaire de confiance pour accompagner les politiques et les chantiers prioritaires visant \u00e0 am\u00e9liorer la vie des enfants et des familles en Mauritanie.<br \/>\n&#8220;De concert avec les autres agences des Nations Unies et les partenaires du d\u00e9veloppement, je r\u00e9it\u00e8re l\u2019engagement renouvel\u00e9 de l\u2019UNICEF \u00e0 accompagner le Gouvernement \u00e0 mettre les droits de l\u2019enfant au c\u0153ur des efforts d\u2019acc\u00e9l\u00e9ration des Objectifs de D\u00e9veloppement Durable \u00bb a-t-il pr\u00e9cis\u00e9.<br \/>\nM. Alaoui a pr\u00e9cis\u00e9 que le nouveau cycle programmatique 2024-2027 de l\u2019UNICEF est soigneusement align\u00e9 sur la Strat\u00e9gie Nationale de Croissance Acc\u00e9l\u00e9r\u00e9e et de Prosp\u00e9rit\u00e9 Partag\u00e9e (SCRAPP). Il met l\u2019accent sur des domaines cl\u00e9s tels que la sant\u00e9 et nutrition, l&#8217;\u00e9ducation, la protection de l&#8217;enfance la nutrition, le secteur de l\u2019eau hygi\u00e8ne et assainissement et la Protection Sociale. En favorisant la r\u00e9silience aux chocs et aux crises dont notamment les changements climatiques, ces interventions seront mises en \u0153uvre en renfor\u00e7ant les politiques nationales int\u00e9gr\u00e9es et le d\u00e9veloppement des capacit\u00e9s des autorit\u00e9s, collectivit\u00e9s et communaut\u00e9s locales.<br \/>\nM. Alaoui a saisi l\u2019occasion pour f\u00e9liciter la Mauritanie pour son positionnement strat\u00e9gique au sein du Sahel et pour ses efforts exemplaires en mati\u00e8re de maintien de la stabilit\u00e9 nationale et de gouvernance efficace.<br \/>\nIl a \u00e9galement salu\u00e9 la politique d\u2019accueil des r\u00e9fugi\u00e9s maliens sur le territoire de la Mauritanie. Il a r\u00e9it\u00e9r\u00e9 l\u2019engagement de l\u2019UNICEF \u00e0 accompagner les communaut\u00e9s r\u00e9fugi\u00e9es ainsi que les communaut\u00e9s h\u00f4tes comme garant de d\u00e9veloppement et de coh\u00e9sion sociale.<br \/>\nM. Alaoui a pr\u00e9sent\u00e9 ses f\u00e9licitations pour le r\u00f4le de pr\u00e9sidence de l\u2019Union Africaine qu\u2019occupe son Excellence Monsieur le Pr\u00e9sident de la R\u00e9publique. Il a soulign\u00e9 l&#8217;importance de cette position pour renforcer le plaidoyer de la Mauritanie en faveur de la paix et du d\u00e9veloppement durable sur la sc\u00e8ne continentale et internationale. En rappelant que l\u2019\u00e9ducation a \u00e9t\u00e9 identifi\u00e9e comme une<\/p>\n<p>priorit\u00e9 cl\u00e9 de cette pr\u00e9sidence, il a r\u00e9it\u00e9r\u00e9 encore une fois la disponibilit\u00e9 de l\u2019UNICEF \u00e0 accompagner la Mauritanie dans cette mission strat\u00e9gique pour am\u00e9liorer l&#8217;acc\u00e8s \u00e0 une \u00e9ducation de qualit\u00e9 pour tous les enfants, en collaborant \u00e9troitement avec le gouvernement, les agences s\u0153urs des Nations unies et les partenaires techniques et financiers.<br \/>\nSource unicef<\/p>\n","protected":false},"excerpt":{"rendered":"<p>Nomination de M. El Kebir Mdarhri Alaoui comme Repr\u00e9sentant de l&#8217;UNICEF en Mauritanie Nouakchott, Mauritanie \u2013 Le 11 juin 2024, M. El Kebir Mdarhri Alaoui a officiellement pris ses fonctions en tant que nouveau Repr\u00e9sentant de l&#8217;UNICEF en Mauritanie. Fort de plus de 30 ans d&#8217;exp\u00e9rience en d\u00e9veloppement international, M. Alaoui a occup\u00e9 divers postes &hellip;<\/p>\n","protected":false},"author":2,"featured_media":9918,"comment_status":"open","ping_status":"open","sticky":false,"template":"","format":"standard","meta":{"footnotes":""},"categories":[18],"tags":[],"class_list":["post-9919","post","type-post","status-publish","format-standard","has-post-thumbnail","hentry","category-actualites"],"_links":{"self":[{"href":"https:\/\/ladepeche.mr\/index.php?rest_route=\/wp\/v2\/posts\/9919","targetHints":{"allow":["GET"]}}],"collection":[{"href":"https:\/\/ladepeche.mr\/index.php?rest_route=\/wp\/v2\/posts"}],"about":[{"href":"https:\/\/ladepeche.mr\/index.php?rest_route=\/wp\/v2\/types\/post"}],"author":[{"embeddable":true,"href":"https:\/\/ladepeche.mr\/index.php?rest_route=\/wp\/v2\/users\/2"}],"replies":[{"embeddable":true,"href":"https:\/\/ladepeche.mr\/index.php?rest_route=%2Fwp%2Fv2%2Fcomments&post=9919"}],"version-history":[{"count":1,"href":"https:\/\/ladepeche.mr\/index.php?rest_route=\/wp\/v2\/posts\/9919\/revisions"}],"predecessor-version":[{"id":9920,"href":"https:\/\/ladepeche.mr\/index.php?rest_route=\/wp\/v2\/posts\/9919\/revisions\/9920"}],"wp:featuredmedia":[{"embeddable":true,"href":"https:\/\/ladepeche.mr\/index.php?rest_route=\/wp\/v2\/media\/9918"}],"wp:attachment":[{"href":"https:\/\/ladepeche.mr\/index.php?rest_route=%2Fwp%2Fv2%2Fmedia&parent=9919"}],"wp:term":[{"taxonomy":"category","embeddable":true,"href":"https:\/\/ladepeche.mr\/index.php?rest_route=%2Fwp%2Fv2%2Fcategories&post=9919"},{"taxonomy":"post_tag","embeddable":true,"href":"https:\/\/ladepeche.mr\/index.php?rest_route=%2Fwp%2Fv2%2Ftags&post=9919"}],"curies":[{"name":"wp","href":"https:\/\/api.w.org\/{rel}","templated":true}]}}