{"id":9923,"date":"2024-06-13T09:10:58","date_gmt":"2024-06-13T09:10:58","guid":{"rendered":"https:\/\/ladepeche.mr\/?p=9923"},"modified":"2024-06-13T10:29:16","modified_gmt":"2024-06-13T10:29:16","slug":"presidentielle-2024-les-joutes-ne-promettent-pas-des-debats-allechants","status":"publish","type":"post","link":"https:\/\/ladepeche.mr\/?p=9923","title":{"rendered":"Pr\u00e9sidentielle 2024: Les joutes ne promettent pas des d\u00e9bats all\u00e9chants"},"content":{"rendered":"<p class=\"p1\">Il faudra probablement se r\u00e9soudre avec l\u2019ouverture de la campagne \u00e9lectorale \u00e0 se serrer la ceinture et \u00e0 une victoire du folklore sur le d\u00e9bat d\u2019id\u00e9es qui, normalement, aurait pu hisser les r\u00e9flexions idoines pour trouver des solutions aux nombreux d\u00e9fis qui assaillent notre pays.<\/p>\n<p class=\"p1\"><span class=\"s1\">C\u2019est donc la derni\u00e8re ligne droite pour tous les camps politiques. En respect du chronogramme pour l\u2019\u00e9lection pr\u00e9sidentielle 2024, en attendant les op\u00e9rations de vote, le 29 juin pour choisir le futur pr\u00e9sident, la<span class=\"Apple-converted-space\">\u00a0 <\/span>campagne \u00e9lectorale sera ouverte ce soir 13 juin \u00e0 00heure mettant aux prises les 7 candidats retenus, il y a un mois, par le conseil constitutionnel. Les 7 pr\u00e9tendants ne sont pas log\u00e9s \u00e0 la m\u00eame enseigne. Cependant, l\u2019exemple de l\u2019\u00e9lection pr\u00e9sidentielle au S\u00e9n\u00e9gal voisin, quoique objectivement incomparable, devrait donner \u00e0 r\u00e9fl\u00e9chir \u00e0 ceux parmi les candidats qui seraient tent\u00e9s de dormir sur leurs lauriers. On n\u2019est jamais \u00e0 l\u2019abri des surprises.<\/span><\/p>\n<p class=\"p1\"><span class=\"s1\">Le corps \u00e9lectoral quant \u00e0 lui est fix\u00e9 par la Ceni dans sa derni\u00e8re mise \u00e0 jour du recensement des \u00e9lecteurs, le 13 juin 2024, \u00e0 1\u202f.939\u202f.342 personnes, l\u00e9g\u00e8rement en hausse par rapport aux derni\u00e8res \u00e9lections g\u00e9n\u00e9rales de 2023.<\/span><\/p>\n<p class=\"p1\"><span class=\"s1\">Le Trarza avec 253\u202f183 \u00e9lecteurs recens\u00e9s serait num\u00e9riquement le plus grand fief r\u00e9gional. Il est suivi du Hodh Charghi avec 204\u202f193 \u00e9lecteurs inscrits contre 186\u202f019 pour le Brakna. Ensuite viennent les autres r\u00e9gions. Il faut cependant noter que la capitale avec ses trois r\u00e9gions avec en moyenne 160.000 \u00e9lecteurs, chacune, reste le v\u00e9ritable grenier \u00e9lectoral.<\/span><\/p>\n<p>Les acteurs politiques en course parviendront-ils \u00e0 convaincre les populations pour venir en masse, le 29 juin 2024, leur accorder leur confiance pour diriger le pays pour les 5 ann\u00e9es \u00e0 venir?<\/p>\n<p>L\u2019une des grandes \u00e9quations restera, en effet, le taux de participation et la transparence de cette \u00e9lection qui d\u00e9terminera l\u2019engouement -ou non- de nos compatriotes pour le jeu politique entre les diff\u00e9rentes forces en pr\u00e9sence dans le pays.<\/p>\n<p class=\"p1\"><span class=\"s1\">L\u2019absence de programmes politiques d\u2019une majorit\u00e9 de candidats en lice augure d\u2019un positionnement -d\u2019ailleurs traditionnel-inconditionnel. Au regard des filtres sociaux m\u00eame s\u2019ils peuvent s\u2019av\u00e9rer d\u00e9formants toutes les communaut\u00e9s semblent repr\u00e9sent\u00e9es lors de cette consultation cruciale.<\/span><\/p>\n<p>JD<\/p>\n","protected":false},"excerpt":{"rendered":"<p>Il faudra probablement se r\u00e9soudre avec l\u2019ouverture de la campagne \u00e9lectorale \u00e0 se serrer la ceinture et \u00e0 une victoire du folklore sur le d\u00e9bat d\u2019id\u00e9es qui, normalement, aurait pu hisser les r\u00e9flexions idoines pour trouver des solutions aux nombreux d\u00e9fis qui assaillent notre pays. C\u2019est donc la derni\u00e8re ligne droite pour tous les camps &hellip;<\/p>\n","protected":false},"author":2,"featured_media":3953,"comment_status":"open","ping_status":"open","sticky":false,"template":"","format":"standard","meta":{"footnotes":""},"categories":[18,31],"tags":[],"class_list":["post-9923","post","type-post","status-publish","format-standard","has-post-thumbnail","hentry","category-actualites","category-politique-et-reportages"],"_links":{"self":[{"href":"https:\/\/ladepeche.mr\/index.php?rest_route=\/wp\/v2\/posts\/9923","targetHints":{"allow":["GET"]}}],"collection":[{"href":"https:\/\/ladepeche.mr\/index.php?rest_route=\/wp\/v2\/posts"}],"about":[{"href":"https:\/\/ladepeche.mr\/index.php?rest_route=\/wp\/v2\/types\/post"}],"author":[{"embeddable":true,"href":"https:\/\/ladepeche.mr\/index.php?rest_route=\/wp\/v2\/users\/2"}],"replies":[{"embeddable":true,"href":"https:\/\/ladepeche.mr\/index.php?rest_route=%2Fwp%2Fv2%2Fcomments&post=9923"}],"version-history":[{"count":3,"href":"https:\/\/ladepeche.mr\/index.php?rest_route=\/wp\/v2\/posts\/9923\/revisions"}],"predecessor-version":[{"id":9926,"href":"https:\/\/ladepeche.mr\/index.php?rest_route=\/wp\/v2\/posts\/9923\/revisions\/9926"}],"wp:featuredmedia":[{"embeddable":true,"href":"https:\/\/ladepeche.mr\/index.php?rest_route=\/wp\/v2\/media\/3953"}],"wp:attachment":[{"href":"https:\/\/ladepeche.mr\/index.php?rest_route=%2Fwp%2Fv2%2Fmedia&parent=9923"}],"wp:term":[{"taxonomy":"category","embeddable":true,"href":"https:\/\/ladepeche.mr\/index.php?rest_route=%2Fwp%2Fv2%2Fcategories&post=9923"},{"taxonomy":"post_tag","embeddable":true,"href":"https:\/\/ladepeche.mr\/index.php?rest_route=%2Fwp%2Fv2%2Ftags&post=9923"}],"curies":[{"name":"wp","href":"https:\/\/api.w.org\/{rel}","templated":true}]}}