{"id":9930,"date":"2024-06-13T15:55:15","date_gmt":"2024-06-13T15:55:15","guid":{"rendered":"https:\/\/ladepeche.mr\/?p=9930"},"modified":"2024-06-13T15:59:08","modified_gmt":"2024-06-13T15:59:08","slug":"mise-en-place-des-organes-scientifiques-de-lacademie-du-royaume-du-maroc","status":"publish","type":"post","link":"https:\/\/ladepeche.mr\/?p=9930","title":{"rendered":"Mise en place des organes scientifiques de l\u2019Acad\u00e9mie du Royaume du Maroc"},"content":{"rendered":"<p>L\u2019Acad\u00e9mie du Royaume du Maroc a proc\u00e9d\u00e9, jeudi \u00e0 Rabat, \u00e0 la mise en place de ses organes scientifiques, dans le cadre de la session d\u2019installation de ses nouveaux membres sous sa nouvelle configuration.<\/p>\n<figure id=\"attachment_9932\" aria-describedby=\"caption-attachment-9932\" style=\"width: 222px\" class=\"wp-caption aligncenter\"><img loading=\"lazy\" decoding=\"async\" class=\"wp-image-9932 size-medium\" src=\"http:\/\/ladepeche.mr\/wp-content\/uploads\/2024\/06\/IMG_1139-222x300.jpeg\" alt=\"\" width=\"222\" height=\"300\" srcset=\"https:\/\/ladepeche.mr\/wp-content\/uploads\/2024\/06\/IMG_1139-222x300.jpeg 222w, https:\/\/ladepeche.mr\/wp-content\/uploads\/2024\/06\/IMG_1139-758x1024.jpeg 758w, https:\/\/ladepeche.mr\/wp-content\/uploads\/2024\/06\/IMG_1139-768x1038.jpeg 768w, https:\/\/ladepeche.mr\/wp-content\/uploads\/2024\/06\/IMG_1139.jpeg 971w\" sizes=\"auto, (max-width: 222px) 100vw, 222px\" \/><figcaption id=\"caption-attachment-9932\" class=\"wp-caption-text\">Mme Marieme Bekaye<\/figcaption><\/figure>\n<p>Elle fait honneur, cette fois, \u00e0 notre compatriote, ancienne ministre de l\u2019environnement et du d\u00e9veloppement durable, Mme Marieme Bekaye, en qualit\u00e9 de membre associ\u00e9e de l&#8217;acad\u00e9mie du Royaume du Maroc. Marieme avait \u00e9t\u00e9 d\u00e9sign\u00e9 en novembre 2023.<br \/>\nElle forme avec feu Mohamed Salem Ould Addoud le second membre mauritanien qui acc\u00e8de \u00e0 cette institution.<br \/>\nLa session a \u00e9t\u00e9 marqu\u00e9e par un Message adress\u00e9 par Sa Majest\u00e9 le Roi Mohammed VI aux membres de l\u2019Acad\u00e9mie du Royaume du Maroc, dont lecture a \u00e9t\u00e9 donn\u00e9e par le secr\u00e9taire perp\u00e9tuel de l\u2019Acad\u00e9mie, M. Abdeljalil Lahjomri.<\/p>\n<p>Avec MAP<\/p>\n","protected":false},"excerpt":{"rendered":"<p>L\u2019Acad\u00e9mie du Royaume du Maroc a proc\u00e9d\u00e9, jeudi \u00e0 Rabat, \u00e0 la mise en place de ses organes scientifiques, dans le cadre de la session d\u2019installation de ses nouveaux membres sous sa nouvelle configuration. Elle fait honneur, cette fois, \u00e0 notre compatriote, ancienne ministre de l\u2019environnement et du d\u00e9veloppement durable, Mme Marieme Bekaye, en qualit\u00e9 &hellip;<\/p>\n","protected":false},"author":2,"featured_media":9933,"comment_status":"open","ping_status":"open","sticky":false,"template":"","format":"standard","meta":{"footnotes":""},"categories":[18,15],"tags":[],"class_list":["post-9930","post","type-post","status-publish","format-standard","has-post-thumbnail","hentry","category-actualites","category-culture"],"_links":{"self":[{"href":"https:\/\/ladepeche.mr\/index.php?rest_route=\/wp\/v2\/posts\/9930","targetHints":{"allow":["GET"]}}],"collection":[{"href":"https:\/\/ladepeche.mr\/index.php?rest_route=\/wp\/v2\/posts"}],"about":[{"href":"https:\/\/ladepeche.mr\/index.php?rest_route=\/wp\/v2\/types\/post"}],"author":[{"embeddable":true,"href":"https:\/\/ladepeche.mr\/index.php?rest_route=\/wp\/v2\/users\/2"}],"replies":[{"embeddable":true,"href":"https:\/\/ladepeche.mr\/index.php?rest_route=%2Fwp%2Fv2%2Fcomments&post=9930"}],"version-history":[{"count":5,"href":"https:\/\/ladepeche.mr\/index.php?rest_route=\/wp\/v2\/posts\/9930\/revisions"}],"predecessor-version":[{"id":9937,"href":"https:\/\/ladepeche.mr\/index.php?rest_route=\/wp\/v2\/posts\/9930\/revisions\/9937"}],"wp:featuredmedia":[{"embeddable":true,"href":"https:\/\/ladepeche.mr\/index.php?rest_route=\/wp\/v2\/media\/9933"}],"wp:attachment":[{"href":"https:\/\/ladepeche.mr\/index.php?rest_route=%2Fwp%2Fv2%2Fmedia&parent=9930"}],"wp:term":[{"taxonomy":"category","embeddable":true,"href":"https:\/\/ladepeche.mr\/index.php?rest_route=%2Fwp%2Fv2%2Fcategories&post=9930"},{"taxonomy":"post_tag","embeddable":true,"href":"https:\/\/ladepeche.mr\/index.php?rest_route=%2Fwp%2Fv2%2Ftags&post=9930"}],"curies":[{"name":"wp","href":"https:\/\/api.w.org\/{rel}","templated":true}]}}