{"id":9951,"date":"2024-06-22T14:06:17","date_gmt":"2024-06-22T14:06:17","guid":{"rendered":"https:\/\/ladepeche.mr\/?p=9951"},"modified":"2024-06-22T14:37:12","modified_gmt":"2024-06-22T14:37:12","slug":"scrutin-presidentiel-discours-promesses-politiques-et-cartes-delecteurs-dans-les-poubelles","status":"publish","type":"post","link":"https:\/\/ladepeche.mr\/?p=9951","title":{"rendered":"Scrutin pr\u00e9sidentiel : Discours, promesses politiques et cartes d\u2019\u00e9lecteurs dans les poubelles\u00a0!"},"content":{"rendered":"<p>Une semaine s\u2019est d\u00e9j\u00e0 \u00e9coul\u00e9e pour les 7 candidats engag\u00e9s dans la course pr\u00e9sidentielle. Ils auront sillonn\u00e9 plusieurs r\u00e9gions et d\u00e9roul\u00e9 leurs promesses \u00e9lectorales. Ont-ils r\u00e9ussi \u00e0 convaincre leurs compatriotes ? Le verdict tombera \u00e0 l\u2019issue de cette derni\u00e8re ligne droite, le 29 juin.<\/p>\n<p>&nbsp;<\/p>\n<p>Rien qu\u2019une petite semaine encore et les mauritaniens seront \u00e9difi\u00e9s sur qui les gouvernera pour les 5 prochaines ann\u00e9es. Un \u00e9norme constat, \u00e0 ce stade. Personne ne trouve \u00e0 redire sur la sempiternelle question de pr\u00e9sence de \u00ab signes distinctifs \u00bb de l\u2019Administration publique, dans un camp ou dans un autre. Il faut bien reconnaitre que l\u2019on parle de moins en moins de l\u2019implication de l\u2019administration et de ses moyens au profit du candidat du pouvoir comme dans les constats dress\u00e9s dans les pr\u00e9c\u00e9dentes extravagances.<\/p>\n<p>Depuis le 14 juin 2024, les sept candidats \u00e0 l\u2019\u00e9lection pr\u00e9sidentielle se sont donc lanc\u00e9s dans une course contre la montre pour convaincre leurs compatriotes de leur accorder leur confiance le 29 juin 2024 pour pr\u00e9sider aux destin\u00e9es du pays. Et c\u2019est \u00e0 un v\u00e9ritable chass\u00e9-crois\u00e9 que se sont livr\u00e9s les candidats dans les grands greniers \u00e9lectoraux. Fait rarissime pour \u00eatre \u00e9voqu\u00e9, les principaux candidats ont promis de satisfaire les attentes socio-\u00e9conomiques de leurs compatriotes sans se livrer aux m\u00e9chancet\u00e9s et autres invectives par lesquelles la classe politique s\u2019illustrait lors des pr\u00e9c\u00e9dentes joutes politiques. Il y a comme un respect-r\u00e9ciproque entre les principaux pr\u00e9sidentiables\u2026<\/p>\n<p>&nbsp;<\/p>\n<p>A l\u2019image de Nouakchott, la premi\u00e8re semaine a vu \u00e9clore, dans toutes les r\u00e9gions, des sites et des tentes \u00e0 l\u2019effigie des diff\u00e9rents candidats en lice. Les ardeurs et les partis pris s\u2019expriment dans les la liesses des diff\u00e9rents \u00e9tats-majors politiques. Cependant, il va sans dire que le candidat de la Majorit\u00e9 pr\u00e9sidentielle, qui draine aussi derri\u00e8re lui les argentiers du pays, n\u2019est pas log\u00e9 \u00e0 la m\u00eame enseigne que les autres candidats, ne serait-ce que visuellement. L\u2019occupation de l\u2019espace de campagne trahit une pr\u00e9sence plus \u00e9vidente du candidat de la Majorit\u00e9 face aux autres candidats dont certains, avec les moyens du bord, tirent encore le diable par la queue en esp\u00e9rant porter leur voix dans les coins recul\u00e9s du pays. Mais qu\u2019\u00e0 cela ne tienne. Plusieurs candidats ont d\u00e9j\u00e0 sillonn\u00e9 leurs fiefs \u00e9lectoraux pour esp\u00e9rer en r\u00e9colter des dividendes le jour \u00abJ \u00bb.<\/p>\n<p>Du discours politique<\/p>\n<p>Il n\u2019y a, \u00e0 l\u2019\u00e9vidence, pas la m\u00eame perception sur les questions de l\u2019heure. Chaque candidat y va de son analyse et de son entrain \u00e0 vouloir accaparer les intentions de vote de ses compatriotes. La teneur du discours dans les programmes politiques (ou ce qui en tient lieu) a, cependant et contrairement aux ann\u00e9es pr\u00e9c\u00e9dentes, une forte teneur \u00e9conomique, sans doute inspir\u00e9e de la situation du pays et des conditions des citoyens pass\u00e9es aux prismes des diff\u00e9rents candidats. M\u00eame si certains candidats comme Ghazouani, Biram ou encore Bocar B\u00e2 ont rappel\u00e9, en terme des droits de l\u2019homme, l\u2019int\u00e9r\u00eat de r\u00e9sorber \u00ab le passif \u00bb du passif humanitaire pour en tourner d\u00e9finitivement la page, tous les candidats semblent avoir voulu donner aux questions \u00e9conomiques une place de pr\u00e9dilection dans leurs discours. De Ould Hamadi, \u00e0 Ould Wavi, en passant par Me El Ide ainsi que Atouma Soumar\u00e9, En sus des promesses et des bilans pr\u00e9sent\u00e9s par les diff\u00e9rents candidats, lors de cette premi\u00e8re semaine, des critiques ont \u00e9galement faites de la gestion et des politiques publiques par les opposants en course.<\/p>\n<p>Sur ce registre, \u00e0 noter que le candidat Outouma Soumar\u00e9 a expliqu\u00e9 ce qu\u2019il consid\u00e8re l\u2019\u00e9chec des politiques publiques par l\u2019absence d\u2019efficacit\u00e9 des \u00e9tudes de projets. Quant \u00e0 Ould Wafi, lui, a promis, une fois \u00e9lu, d\u2019exon\u00e9rer les PME des taxes. Biram a lui pr\u00e9conis\u00e9 personnellement des finances publiques pour \u00e9viter toute ind\u00e9licatesse avec les deniers publics. Pour Bocar B\u00e2, a promis de s\u2019attaquer \u00e0 \u00ab la confiscation des terres agricoles \u00bb, au \u00ab ch\u00f4mage notamment chez les jeunes et au \u00ab contr\u00f4le des prix \u00bb.<\/p>\n<p>En attendant, le 29 juin, date butoir \u00e0 cette \u00e9lection, quelques derniers r\u00e9glages de campagne s\u2019av\u00e8rent indispensables pour les candidats pour une dernier fois, frapper l\u2019\u0153il de l\u2019\u00e9lecteur\u00a0!<\/p>\n<p>Mais comme on n\u2019a eu de cesse de le r\u00e9p\u00e9ter, les derniers audios sur la gestion de la CENI, sortis des entrailles du s\u00e9rail de la Majorit\u00e9, en plus de milliers de copies de carte d\u2019\u00e9lecteurs retrouv\u00e9es dans les poubelles, cr\u00e9ent d\u00e9j\u00e0 un sentiment de malaise au sein de l\u2019opinion sur la capacit\u00e9 d\u00e9tach\u00e9e de la CENI \u00e0 jouer son r\u00f4le d\u2019arbitre. Esp\u00e9rons qu\u2019elle ne jettera pas l\u2019opprobre sur ce scrutin crucial pour l\u2019avenir de notre pays. Cela s\u2019assimilerait, apr\u00e8s son incomp\u00e9tence caract\u00e9ris\u00e9e pour les \u00e9lections g\u00e9n\u00e9rales de 2023, \u00e0 un sabotage d\u00e9lib\u00e9r\u00e9 qui risquerait d&#8217;entacher la cr\u00e9dibilit\u00e9 de cette consultation.<\/p>\n<p>JD<\/p>\n<p>&nbsp;<\/p>\n","protected":false},"excerpt":{"rendered":"<p>Une semaine s\u2019est d\u00e9j\u00e0 \u00e9coul\u00e9e pour les 7 candidats engag\u00e9s dans la course pr\u00e9sidentielle. Ils auront sillonn\u00e9 plusieurs r\u00e9gions et d\u00e9roul\u00e9 leurs promesses \u00e9lectorales. Ont-ils r\u00e9ussi \u00e0 convaincre leurs compatriotes ? Le verdict tombera \u00e0 l\u2019issue de cette derni\u00e8re ligne droite, le 29 juin. &nbsp; Rien qu\u2019une petite semaine encore et les mauritaniens seront \u00e9difi\u00e9s &hellip;<\/p>\n","protected":false},"author":2,"featured_media":7871,"comment_status":"open","ping_status":"open","sticky":false,"template":"","format":"standard","meta":{"footnotes":""},"categories":[18,31],"tags":[],"class_list":["post-9951","post","type-post","status-publish","format-standard","has-post-thumbnail","hentry","category-actualites","category-politique-et-reportages"],"_links":{"self":[{"href":"https:\/\/ladepeche.mr\/index.php?rest_route=\/wp\/v2\/posts\/9951","targetHints":{"allow":["GET"]}}],"collection":[{"href":"https:\/\/ladepeche.mr\/index.php?rest_route=\/wp\/v2\/posts"}],"about":[{"href":"https:\/\/ladepeche.mr\/index.php?rest_route=\/wp\/v2\/types\/post"}],"author":[{"embeddable":true,"href":"https:\/\/ladepeche.mr\/index.php?rest_route=\/wp\/v2\/users\/2"}],"replies":[{"embeddable":true,"href":"https:\/\/ladepeche.mr\/index.php?rest_route=%2Fwp%2Fv2%2Fcomments&post=9951"}],"version-history":[{"count":5,"href":"https:\/\/ladepeche.mr\/index.php?rest_route=\/wp\/v2\/posts\/9951\/revisions"}],"predecessor-version":[{"id":9963,"href":"https:\/\/ladepeche.mr\/index.php?rest_route=\/wp\/v2\/posts\/9951\/revisions\/9963"}],"wp:featuredmedia":[{"embeddable":true,"href":"https:\/\/ladepeche.mr\/index.php?rest_route=\/wp\/v2\/media\/7871"}],"wp:attachment":[{"href":"https:\/\/ladepeche.mr\/index.php?rest_route=%2Fwp%2Fv2%2Fmedia&parent=9951"}],"wp:term":[{"taxonomy":"category","embeddable":true,"href":"https:\/\/ladepeche.mr\/index.php?rest_route=%2Fwp%2Fv2%2Fcategories&post=9951"},{"taxonomy":"post_tag","embeddable":true,"href":"https:\/\/ladepeche.mr\/index.php?rest_route=%2Fwp%2Fv2%2Ftags&post=9951"}],"curies":[{"name":"wp","href":"https:\/\/api.w.org\/{rel}","templated":true}]}}