{"id":9958,"date":"2024-06-22T14:40:48","date_gmt":"2024-06-22T14:40:48","guid":{"rendered":"https:\/\/ladepeche.mr\/?p=9958"},"modified":"2024-06-22T14:48:06","modified_gmt":"2024-06-22T14:48:06","slug":"le-president-mauritanien-appelle-les-pays-dafrique-de-louest-a-sallier-contre-le-jihadisme","status":"publish","type":"post","link":"https:\/\/ladepeche.mr\/?p=9958","title":{"rendered":"Le pr\u00e9sident mauritanien appelle les pays d&#8217;Afrique de l&#8217;Ouest \u00e0 s&#8217;allier contre le jihadisme"},"content":{"rendered":"<p>Le pr\u00e9sident mauritanien Mohamed Ould Cheikh El Ghazouani a appel\u00e9 dans un entretien avec l&#8217;AFP les pays d&#8217;Afrique de l&#8217;Ouest \u00e0 s&#8217;allier \u00e0 nouveau face \u00e0 l&#8217;expansion du jihadisme, apr\u00e8s la scission de trois pays sah\u00e9liens avec les organisations r\u00e9gionales.<\/p>\n<p>\u00ab La r\u00e9gion doit d\u00e9gager une volont\u00e9 politique commune pour pouvoir lutter contre l&#8217;ins\u00e9curit\u00e9 \u00bb, a d\u00e9clar\u00e9 vendredi soir M. Ghazouani en campagne pour un second mandat \u00e0 Atar, \u00e0 environ 450 km au nord-est de Nouakchott. \u00ab Je ne suis pas de ceux qui pensent aujourd&#8217;hui que des pays peuvent faire face individuellement \u00e0 une menace comme le terrorisme \u00bb.<\/p>\n<p>M. Ghazouani fait le constat que \u00ab la situation s\u00e9curitaire dans la sous-r\u00e9gion n&#8217;est pas du tout bonne \u00bb, et m\u00eame qu&#8217;elle \u00ab empire \u00bb ces derni\u00e8res ann\u00e9es, qui ont vu des militaires prendre le pouvoir par la force au Mali au Burkina Faso et au Niger avec la promesse de consacrer tous leurs efforts \u00e0 la s\u00e9curisation de leurs pays durement \u00e9prouv\u00e9s par la violence.<\/p>\n<p>\u00ab On a besoin de coaliser. On a besoin de faire des regroupements \u00bb, a pr\u00each\u00e9 M. Ghazouani, par ailleurs pr\u00e9sident en exercice de l&#8217;Union africaine.<\/p>\n<p>Il a plaid\u00e9 pour un \u00e9ventuel substitut \u00e0 l&#8217;alliance\u00a0du G5 Sahel, cr\u00e9\u00e9e en 2014 par la Mauritanie, le Burkina, le Mali, le Niger et le Tchad avec l&#8217;appui de partenaires occidentaux pour faire face au jihadisme et aux d\u00e9fis de d\u00e9veloppement de la sous-r\u00e9gion, et dot\u00e9e d&#8217;une force conjointe \u00e0 l&#8217;action rest\u00e9e limit\u00e9e. Les juntes du Mali, du Burkina et du Niger ont d\u00e9cid\u00e9 en 2022 et 2023 de se retirer du G5 Sahel, instrumentalis\u00e9 selon elles par la France.<\/p>\n<p>\u00ab Si le G5 Sahel n&#8217;est pas le bon, il faut trouver un autre +G quelque chose+ \u00bb, a d\u00e9clar\u00e9 M. Ghazouani.<\/p>\n<p>Offre de discussion<\/p>\n<p>Les r\u00e9gimes militaires malien, burkinab\u00e8 et nig\u00e9rien ont rompu militairement et politiquement avec l&#8217;ancienne puissance coloniale fran\u00e7aise, et se sont tourn\u00e9s vers la Russie. Ils ont quitt\u00e9 la Communaut\u00e9 \u00e9conomique des Etats de l&#8217;Afrique de l&#8217;Ouest, la disant elle aussi manipul\u00e9e par Paris, et ont cr\u00e9\u00e9 l&#8217;Alliance des Etats du Sahel (AES).<\/p>\n<p>Interrog\u00e9 sur l&#8217;\u00e9ventualit\u00e9 que l&#8217;AES porte une nouvelle forme de coop\u00e9ration contre l&#8217;ins\u00e9curit\u00e9, M. Ghazouani a dit qu&#8217;il pensait d&#8217;abord \u00ab \u00e0 une rencontre, \u00e0 une discussion \u00bb, avant une r\u00e9flexion pour \u00ab trouver le format qui nous convient le mieux \u00bb.<\/p>\n<p>Le Sahel est plong\u00e9 dans la tourmente s\u00e9curitaire, politique et humanitaire depuis le d\u00e9clenchement d&#8217;insurrections ind\u00e9pendantiste et islamiste dans le nord du Mali en 2012.<\/p>\n<p>Les violences ont gagn\u00e9 le Burkina Faso et le Niger voisins. Imputables aux groupes affili\u00e9s \u00e0 Al-Qa\u00efda et \u00e0 l&#8217;organisation Etat islamique et \u00e0 d&#8217;autres groupes arm\u00e9s, aux milices d&#8217;autod\u00e9fense, aux trafiquants et m\u00eame aux arm\u00e9es r\u00e9guli\u00e8res, elles ont fait des milliers de morts civils et combattants et des centaines de milliers de d\u00e9plac\u00e9s.<\/p>\n<p>La Mauritanie, vaste pays d\u00e9sertique d&#8217;environ 4,5 millions d&#8217;habitants \u00e0 la charni\u00e8re entre l&#8217;Afrique du Nord et l&#8217;Afrique subsaharienne, a \u00e9t\u00e9 touch\u00e9e par l&#8217;expansion des groupes islamistes d&#8217;Alg\u00e9rie au d\u00e9but des ann\u00e9es 2000, mais n&#8217;a plus connu d&#8217;attaque sur son sol depuis 2011. Elle reste impact\u00e9e dans les zones frontali\u00e8res par les retomb\u00e9es du conflit au Mali, sources de crispations ponctuelles. Elle partage plus de 2.000 km de fronti\u00e8re avec le Mali.<\/p>\n<p>Non-ing\u00e9rence<\/p>\n<p>M. Ghazouani a r\u00e9fut\u00e9 le mot \u00ab d&#8217;exception \u00bb mauritanienne qui signifierait selon lui que son pays se trouve en dehors du th\u00e9\u00e2tre d&#8217;op\u00e9rations jihadistes. Il explique la stabilit\u00e9 en Mauritanie par une prise de conscience pr\u00e9coce de la menace et \u00ab \u00e9norm\u00e9ment d&#8217;efforts \u00bb consentis malgr\u00e9 les autres urgences, d&#8217;\u00e9ducation ou de sant\u00e9 par exemple.<\/p>\n<p>Cette stabilit\u00e9 est volontiers port\u00e9e au cr\u00e9dit de M. Ghazouani, 67 ans, en tant que pr\u00e9sident et auparavant en coaction avec son pr\u00e9d\u00e9cesseur aujourd&#8217;hui emprisonn\u00e9 Mohamed Ould Abdel Aziz, sous lequel cet officier de formation fut chef d&#8217;\u00e9tat-major, directeur de la s\u00fbret\u00e9 nationale et ministre de la D\u00e9fense.<\/p>\n<p>Apr\u00e8s une succession de coups d&#8217;Etat et des p\u00e9riodes de r\u00e9gime militaire, son \u00e9lection en 2019 a marqu\u00e9 la premi\u00e8re transition entre deux pr\u00e9sidents \u00e9lus. Il est le grand favori de la pr\u00e9sidentielle du 29 juin.<\/p>\n<p>M. Ghazouani a dit \u00e0 l&#8217;AFP refuser de s&#8217;immiscer dans les affaires int\u00e9rieures des pays sah\u00e9liens o\u00f9 les militaires n&#8217;ont \u00e9labor\u00e9 aucun calendrier d\u00e9fini \u00a0de r\u00e9trocession du pouvoir aux civils. \u00ab Nous respectons leur souverainet\u00e9 dans leurs d\u00e9cisions. Nous souhaitons que ces \u00a0pays aillent le plus rapidement vers des \u00e9lections \u00bb, a-t-il dit.<\/p>\n<p>https:\/\/www.lorientlejour.com\/article\/1418037\/le-president-mauritanien-appelle-les-pays-dafrique-de-louest-a-sallier-contre-le-jihadisme.html<\/p>\n","protected":false},"excerpt":{"rendered":"<p>Le pr\u00e9sident mauritanien Mohamed Ould Cheikh El Ghazouani a appel\u00e9 dans un entretien avec l&#8217;AFP les pays d&#8217;Afrique de l&#8217;Ouest \u00e0 s&#8217;allier \u00e0 nouveau face \u00e0 l&#8217;expansion du jihadisme, apr\u00e8s la scission de trois pays sah\u00e9liens avec les organisations r\u00e9gionales. \u00ab La r\u00e9gion doit d\u00e9gager une volont\u00e9 politique commune pour pouvoir lutter contre l&#8217;ins\u00e9curit\u00e9 \u00bb, &hellip;<\/p>\n","protected":false},"author":2,"featured_media":9959,"comment_status":"open","ping_status":"open","sticky":false,"template":"","format":"standard","meta":{"footnotes":""},"categories":[18,29,28],"tags":[],"class_list":["post-9958","post","type-post","status-publish","format-standard","has-post-thumbnail","hentry","category-actualites","category-monde","category-sahel"],"_links":{"self":[{"href":"https:\/\/ladepeche.mr\/index.php?rest_route=\/wp\/v2\/posts\/9958","targetHints":{"allow":["GET"]}}],"collection":[{"href":"https:\/\/ladepeche.mr\/index.php?rest_route=\/wp\/v2\/posts"}],"about":[{"href":"https:\/\/ladepeche.mr\/index.php?rest_route=\/wp\/v2\/types\/post"}],"author":[{"embeddable":true,"href":"https:\/\/ladepeche.mr\/index.php?rest_route=\/wp\/v2\/users\/2"}],"replies":[{"embeddable":true,"href":"https:\/\/ladepeche.mr\/index.php?rest_route=%2Fwp%2Fv2%2Fcomments&post=9958"}],"version-history":[{"count":1,"href":"https:\/\/ladepeche.mr\/index.php?rest_route=\/wp\/v2\/posts\/9958\/revisions"}],"predecessor-version":[{"id":9960,"href":"https:\/\/ladepeche.mr\/index.php?rest_route=\/wp\/v2\/posts\/9958\/revisions\/9960"}],"wp:featuredmedia":[{"embeddable":true,"href":"https:\/\/ladepeche.mr\/index.php?rest_route=\/wp\/v2\/media\/9959"}],"wp:attachment":[{"href":"https:\/\/ladepeche.mr\/index.php?rest_route=%2Fwp%2Fv2%2Fmedia&parent=9958"}],"wp:term":[{"taxonomy":"category","embeddable":true,"href":"https:\/\/ladepeche.mr\/index.php?rest_route=%2Fwp%2Fv2%2Fcategories&post=9958"},{"taxonomy":"post_tag","embeddable":true,"href":"https:\/\/ladepeche.mr\/index.php?rest_route=%2Fwp%2Fv2%2Ftags&post=9958"}],"curies":[{"name":"wp","href":"https:\/\/api.w.org\/{rel}","templated":true}]}}