{"id":9964,"date":"2024-06-22T22:02:11","date_gmt":"2024-06-22T22:02:11","guid":{"rendered":"https:\/\/ladepeche.mr\/?p=9964"},"modified":"2024-06-22T22:02:11","modified_gmt":"2024-06-22T22:02:11","slug":"mauritanie-mali-un-ressortissant-mauritanien-kidnappe-par-wagner-proches","status":"publish","type":"post","link":"https:\/\/ladepeche.mr\/?p=9964","title":{"rendered":"Mauritanie-Mali: Un ressortissant mauritanien kidnapp\u00e9 par Wagner (proches)"},"content":{"rendered":"<p>Un ressortissant mauritanien du nom de Ould Bouceif aurait \u00e9t\u00e9 kidnapp\u00e9, ce samedi, aux alentours de la localit\u00e9 de Adel Baghrou, dans le Hodh Charghi, assure-t-on de source autoris\u00e9e.<\/p>\n<p>Selon la m\u00eame source, les proches de Ould Bouceif en auraient inform\u00e9 le minist\u00e8re mauritanien des affaires \u00e9trang\u00e8res mauritanien.<\/p>\n<p>&nbsp;<\/p>\n<p>Ses proches exigent sa lib\u00e9ration et s\u2019inqui\u00e8tent pour son sort.<\/p>\n<p><img loading=\"lazy\" decoding=\"async\" class=\"alignright size-full wp-image-9965\" src=\"http:\/\/ladepeche.mr\/wp-content\/uploads\/2024\/06\/Wagner-mali-mauritanie.jpg\" alt=\"\" width=\"1000\" height=\"500\" \/><\/p>\n<p>Depuis le d\u00e9part de la Minusma et la reprise des hostilit\u00e9s entre la junte malienne et les touaregs, la milice russe Wagner, qui soutient les autorit\u00e9s de transition maliennes, est souvent cit\u00e9e dans des d\u00e9passements en territoire mauritanien.<\/p>\n<p>Les autorit\u00e9s mauritaniennes ont toujours favoris\u00e9 l\u2019entente entre les deux pays voisins privil\u00e9giant la voie diplomatique pour apaiser la tension \u00e0 la fronti\u00e8re.<\/p>\n","protected":false},"excerpt":{"rendered":"<p>Un ressortissant mauritanien du nom de Ould Bouceif aurait \u00e9t\u00e9 kidnapp\u00e9, ce samedi, aux alentours de la localit\u00e9 de Adel Baghrou, dans le Hodh Charghi, assure-t-on de source autoris\u00e9e. Selon la m\u00eame source, les proches de Ould Bouceif en auraient inform\u00e9 le minist\u00e8re mauritanien des affaires \u00e9trang\u00e8res mauritanien. &nbsp; Ses proches exigent sa lib\u00e9ration et &hellip;<\/p>\n","protected":false},"author":2,"featured_media":6559,"comment_status":"open","ping_status":"open","sticky":false,"template":"","format":"standard","meta":{"footnotes":""},"categories":[18,29,28],"tags":[],"class_list":["post-9964","post","type-post","status-publish","format-standard","has-post-thumbnail","hentry","category-actualites","category-monde","category-sahel"],"_links":{"self":[{"href":"https:\/\/ladepeche.mr\/index.php?rest_route=\/wp\/v2\/posts\/9964","targetHints":{"allow":["GET"]}}],"collection":[{"href":"https:\/\/ladepeche.mr\/index.php?rest_route=\/wp\/v2\/posts"}],"about":[{"href":"https:\/\/ladepeche.mr\/index.php?rest_route=\/wp\/v2\/types\/post"}],"author":[{"embeddable":true,"href":"https:\/\/ladepeche.mr\/index.php?rest_route=\/wp\/v2\/users\/2"}],"replies":[{"embeddable":true,"href":"https:\/\/ladepeche.mr\/index.php?rest_route=%2Fwp%2Fv2%2Fcomments&post=9964"}],"version-history":[{"count":1,"href":"https:\/\/ladepeche.mr\/index.php?rest_route=\/wp\/v2\/posts\/9964\/revisions"}],"predecessor-version":[{"id":9966,"href":"https:\/\/ladepeche.mr\/index.php?rest_route=\/wp\/v2\/posts\/9964\/revisions\/9966"}],"wp:featuredmedia":[{"embeddable":true,"href":"https:\/\/ladepeche.mr\/index.php?rest_route=\/wp\/v2\/media\/6559"}],"wp:attachment":[{"href":"https:\/\/ladepeche.mr\/index.php?rest_route=%2Fwp%2Fv2%2Fmedia&parent=9964"}],"wp:term":[{"taxonomy":"category","embeddable":true,"href":"https:\/\/ladepeche.mr\/index.php?rest_route=%2Fwp%2Fv2%2Fcategories&post=9964"},{"taxonomy":"post_tag","embeddable":true,"href":"https:\/\/ladepeche.mr\/index.php?rest_route=%2Fwp%2Fv2%2Ftags&post=9964"}],"curies":[{"name":"wp","href":"https:\/\/api.w.org\/{rel}","templated":true}]}}