{"id":9967,"date":"2024-06-23T18:00:01","date_gmt":"2024-06-23T18:00:01","guid":{"rendered":"https:\/\/ladepeche.mr\/?p=9967"},"modified":"2024-06-23T18:00:46","modified_gmt":"2024-06-23T18:00:46","slug":"bouhoubeini-les-critiques-formulees-par-certaines-parties-a-lencontre-de-la-ceni-sont-legitimes","status":"publish","type":"post","link":"https:\/\/ladepeche.mr\/?p=9967","title":{"rendered":"Bouhoubeini : \u00ables critiques formul\u00e9es par certaines parties \u00e0 l\u2019encontre de la CENI sont l\u00e9gitimes\u00bb"},"content":{"rendered":"<p>Le pr\u00e9sident de la Commission nationale des droits de l\u2019homme (CNDH), Me Ahmed Salem Ould Bouhoubeini, a affirm\u00e9 que les critiques formul\u00e9es par certaines parties \u00e0 l\u2019encontre de la commission \u00e9lectorale nationale ind\u00e9pendante sont l\u00e9gitimes et refl\u00e8tent les aspirations du peuple \u00e0 l\u2019int\u00e9grit\u00e9 et \u00e0 la transparence du processus \u00e9lectoral.<\/p>\n<p>Il a rappel\u00e9 que la composition de la CENI n\u2019avait pas \u00e9t\u00e9 accept\u00e9e de fa\u00e7on g\u00e9n\u00e9rale par les citoyens, r\u00e9affirmant que celle-ci n\u2019a pas \u00e9t\u00e9 consensuelle.<\/p>\n<p>Selon le pr\u00e9sident de la CNDH, &#8220;il est n\u00e9cessaire que la commission substitue \u00e0 ce sentiment un engagement total en faveur de l\u2019int\u00e9grit\u00e9, de l\u2019honn\u00eatet\u00e9 et du s\u00e9rieux dans son travail&#8221;.<\/p>\n<p>Ces observations avaient \u00e9t\u00e9 formul\u00e9es \u00e0 l\u2019issue d\u2019une r\u00e9union avec le pr\u00e9sident et les membres de la CENI, jeudi 20 juin, \u00e0 une semaine de la tenue de la pr\u00e9sidentielle.<\/p>\n<p>Ould Bouhoubeini a ajout\u00e9 que la CNDH a des t\u00e2ches \u00e0 accomplir quand bien m\u00eame celles-ci ne soient pas du go\u00fbt de certaines parties avant de dire que les d\u00e9clarations \u00e9mises par la Commission d\u00e9coulent de ses t\u00e2ches, et que la CENI a la responsabilit\u00e9 de garantir le processus \u00e9lectoral, son int\u00e9grit\u00e9 et l\u2019\u00e9galit\u00e9 entre les candidats.<\/p>\n<p>Les institutions nationales de d\u00e9fense des droits de l\u2019homme ont pour t\u00e2che, dit-il, de surveiller la promotion et la protection des droits fondamentaux de chaque citoyen pendant la p\u00e9riode \u00e9lectorale, et cette t\u00e2che rev\u00eat une dimension particuli\u00e8re lorsqu\u2019il s\u2019agit de l\u2019exercice par chacun de son droit de voter librement sans intimidation ni discrimination.<\/p>\n<p>Il a soulign\u00e9 la n\u00e9cessit\u00e9 de faire pr\u00e9valoir un climat \u00e9lectoral calme, respectueux et inclusif, permettant \u00e0 tous les candidats d\u2019exprimer leurs opinions et \u00e0 tous les \u00e9lecteurs de prendre une d\u00e9cision en connaissance de cause.<\/p>\n<p>Me. Bouhoubeyni a soulign\u00e9 que la CENI joue un r\u00f4le central dans la gestion du processus \u00e9lectoral, notant que l\u2019impartialit\u00e9, la pr\u00e9cision et la transparence de cette commission sont les gages de la cr\u00e9dibilit\u00e9 des \u00e9lections.<\/p>\n<p>\u00ab Il est du devoir de la Commission poursuit- il, de s\u2019en tenir pleinement \u00e0 l\u2019int\u00e9grit\u00e9, \u00e0 l\u2019honn\u00eatet\u00e9 et au s\u00e9rieux de ses travaux et de veiller \u00e0 ce que tous les candidats soient trait\u00e9s sur un pied d\u2019\u00e9galit\u00e9 dans toutes les proc\u00e9dures supervis\u00e9es par la Commission, sans discrimination ni parti pris. \u00bb<br \/>\nLe Calame<\/p>\n","protected":false},"excerpt":{"rendered":"<p>Le pr\u00e9sident de la Commission nationale des droits de l\u2019homme (CNDH), Me Ahmed Salem Ould Bouhoubeini, a affirm\u00e9 que les critiques formul\u00e9es par certaines parties \u00e0 l\u2019encontre de la commission \u00e9lectorale nationale ind\u00e9pendante sont l\u00e9gitimes et refl\u00e8tent les aspirations du peuple \u00e0 l\u2019int\u00e9grit\u00e9 et \u00e0 la transparence du processus \u00e9lectoral. Il a rappel\u00e9 que la &hellip;<\/p>\n","protected":false},"author":2,"featured_media":9968,"comment_status":"open","ping_status":"open","sticky":false,"template":"","format":"standard","meta":{"footnotes":""},"categories":[18,31],"tags":[],"class_list":["post-9967","post","type-post","status-publish","format-standard","has-post-thumbnail","hentry","category-actualites","category-politique-et-reportages"],"_links":{"self":[{"href":"https:\/\/ladepeche.mr\/index.php?rest_route=\/wp\/v2\/posts\/9967","targetHints":{"allow":["GET"]}}],"collection":[{"href":"https:\/\/ladepeche.mr\/index.php?rest_route=\/wp\/v2\/posts"}],"about":[{"href":"https:\/\/ladepeche.mr\/index.php?rest_route=\/wp\/v2\/types\/post"}],"author":[{"embeddable":true,"href":"https:\/\/ladepeche.mr\/index.php?rest_route=\/wp\/v2\/users\/2"}],"replies":[{"embeddable":true,"href":"https:\/\/ladepeche.mr\/index.php?rest_route=%2Fwp%2Fv2%2Fcomments&post=9967"}],"version-history":[{"count":2,"href":"https:\/\/ladepeche.mr\/index.php?rest_route=\/wp\/v2\/posts\/9967\/revisions"}],"predecessor-version":[{"id":9970,"href":"https:\/\/ladepeche.mr\/index.php?rest_route=\/wp\/v2\/posts\/9967\/revisions\/9970"}],"wp:featuredmedia":[{"embeddable":true,"href":"https:\/\/ladepeche.mr\/index.php?rest_route=\/wp\/v2\/media\/9968"}],"wp:attachment":[{"href":"https:\/\/ladepeche.mr\/index.php?rest_route=%2Fwp%2Fv2%2Fmedia&parent=9967"}],"wp:term":[{"taxonomy":"category","embeddable":true,"href":"https:\/\/ladepeche.mr\/index.php?rest_route=%2Fwp%2Fv2%2Fcategories&post=9967"},{"taxonomy":"post_tag","embeddable":true,"href":"https:\/\/ladepeche.mr\/index.php?rest_route=%2Fwp%2Fv2%2Ftags&post=9967"}],"curies":[{"name":"wp","href":"https:\/\/api.w.org\/{rel}","templated":true}]}}