{"id":9984,"date":"2024-06-25T12:44:10","date_gmt":"2024-06-25T12:44:10","guid":{"rendered":"https:\/\/ladepeche.mr\/?p=9984"},"modified":"2024-06-25T12:55:57","modified_gmt":"2024-06-25T12:55:57","slug":"nouadhibou-arrestation-du-coordinateur-dira-sur-fonds-de-sabotage-du-meeting-insaf","status":"publish","type":"post","link":"https:\/\/ladepeche.mr\/?p=9984","title":{"rendered":"Nouadhibou\u00a0: Arrestation du coordinateur d\u2019IRA, sur fonds de &#8220;sabotage et actes de vandalisme&#8221; contre un meeting INSAF"},"content":{"rendered":"<p>Lemrabott Ould Mahmoud, coordinateur du mouvement IRA \u00e0 Nouadhibou, a \u00e9t\u00e9 arr\u00eat\u00e9 mardi suite \u00e0\u00a0 des actes de vandalisme et de sabotage de suppos\u00e9s militants pour l\u2019\u00e9lection de Biram Dah Abeid.<\/p>\n<p>Plusieurs dizaines de jeunes militants scandaient, en effet, apr\u00e8s avoir pris d\u2019assaut l\u2019estrade mise en place par les jeunes INSAF \u00e0 Nouadhibou, le nom de Biram Dah Abeid.<\/p>\n<p>Des vid\u00e9os devenues virales sur la toile montrent ce groupe de jeunes militants saccageant la tribune mise en place par le parti INSAF.<\/p>\n<p>Pour d\u00e9loger les militants IRA, il a fallu l\u2019intervention de la police, suivie par l\u2019arrestation du coordinateur Lemrabott Ould Mahmoud, pour s\u2019expliquer sur le vandalisme des militants IRA contre un camp concurrent pendant cette \u00e9lection.<\/p>\n<p>Une arrestation qui a \u00e9t\u00e9 condamn\u00e9e par l&#8217;IRA dans un communiqu\u00e9 diffus\u00e9 en arabe.<\/p>\n<p>A noter que la m\u00eame sc\u00e8ne s\u2019est produite \u00e0 Zou\u00e9rate au cours du discours du candidat Ghazouani, ce qui a amen\u00e9 certains \u00e0 conclure \u00e0 une manipulation soutenue pour saboter les rencontres de soutien de la Majorit\u00e9 pr\u00e9sidentielle.<\/p>\n","protected":false},"excerpt":{"rendered":"<p>Lemrabott Ould Mahmoud, coordinateur du mouvement IRA \u00e0 Nouadhibou, a \u00e9t\u00e9 arr\u00eat\u00e9 mardi suite \u00e0\u00a0 des actes de vandalisme et de sabotage de suppos\u00e9s militants pour l\u2019\u00e9lection de Biram Dah Abeid. Plusieurs dizaines de jeunes militants scandaient, en effet, apr\u00e8s avoir pris d\u2019assaut l\u2019estrade mise en place par les jeunes INSAF \u00e0 Nouadhibou, le nom &hellip;<\/p>\n","protected":false},"author":2,"featured_media":0,"comment_status":"open","ping_status":"open","sticky":false,"template":"","format":"standard","meta":{"footnotes":""},"categories":[18,31],"tags":[],"class_list":["post-9984","post","type-post","status-publish","format-standard","hentry","category-actualites","category-politique-et-reportages"],"_links":{"self":[{"href":"https:\/\/ladepeche.mr\/index.php?rest_route=\/wp\/v2\/posts\/9984","targetHints":{"allow":["GET"]}}],"collection":[{"href":"https:\/\/ladepeche.mr\/index.php?rest_route=\/wp\/v2\/posts"}],"about":[{"href":"https:\/\/ladepeche.mr\/index.php?rest_route=\/wp\/v2\/types\/post"}],"author":[{"embeddable":true,"href":"https:\/\/ladepeche.mr\/index.php?rest_route=\/wp\/v2\/users\/2"}],"replies":[{"embeddable":true,"href":"https:\/\/ladepeche.mr\/index.php?rest_route=%2Fwp%2Fv2%2Fcomments&post=9984"}],"version-history":[{"count":3,"href":"https:\/\/ladepeche.mr\/index.php?rest_route=\/wp\/v2\/posts\/9984\/revisions"}],"predecessor-version":[{"id":9987,"href":"https:\/\/ladepeche.mr\/index.php?rest_route=\/wp\/v2\/posts\/9984\/revisions\/9987"}],"wp:attachment":[{"href":"https:\/\/ladepeche.mr\/index.php?rest_route=%2Fwp%2Fv2%2Fmedia&parent=9984"}],"wp:term":[{"taxonomy":"category","embeddable":true,"href":"https:\/\/ladepeche.mr\/index.php?rest_route=%2Fwp%2Fv2%2Fcategories&post=9984"},{"taxonomy":"post_tag","embeddable":true,"href":"https:\/\/ladepeche.mr\/index.php?rest_route=%2Fwp%2Fv2%2Ftags&post=9984"}],"curies":[{"name":"wp","href":"https:\/\/api.w.org\/{rel}","templated":true}]}}