{"id":9988,"date":"2024-06-25T13:25:16","date_gmt":"2024-06-25T13:25:16","guid":{"rendered":"https:\/\/ladepeche.mr\/?p=9988"},"modified":"2024-06-26T12:11:32","modified_gmt":"2024-06-26T12:11:32","slug":"securite-aucun-depassement-ne-sera-tolere","status":"publish","type":"post","link":"https:\/\/ladepeche.mr\/?p=9988","title":{"rendered":"Scrutin pr\u00e9sidentiel\u00a0: \u00ab\u00a0Aucun d\u00e9passement ne sera tol\u00e9r\u00e9\u00a0\u00bb (minist\u00e8re de l&#8217;int\u00e9rieur)"},"content":{"rendered":"<p>Le minist\u00e8re de l&#8217;Int\u00e9rieur a annonc\u00e9 qu\u2019il fera face avec la plus grande fermet\u00e9 \u00e0 toute tentative de trouble \u00e0 l\u2019ordre et \u00e0 la qui\u00e9tude publics &#8220;quelle qu\u2019en soit la nature ou l\u2019origine&#8221;.<\/p>\n<p>Le minist\u00e8re argue que des instructions ont \u00e9t\u00e9 donn\u00e9es, dans ce sens, aux services de s\u00e9curit\u00e9 sur toute l\u2019\u00e9tendue du territoire national.<\/p>\n<p>Cette pr\u00e9cision muscl\u00e9e semble \u00eatre une r\u00e9ponse aux actes de \u00ab\u00a0sabotage et de vandalisme\u00a0\u00bb men\u00e9s \u00e0 Nouadhibou dans la nuit de lundi \u00e0 mardi par de jeunes supporters du candidat Biram Dah Abeid dont le coordinateur local a \u00e9t\u00e9 arr\u00eat\u00e9 suite \u00e0 ces actes.<\/p>\n<p>Sans citer le candidat, le minist\u00e8re de l\u2019int\u00e9rieur fait remarquer que &#8220;les \u00e9meutes men\u00e9es par certains partisans d&#8217;un des candidats \u00e0 la pr\u00e9sidentielle, hier soir, lundi 24 juin 2024, dans la ville de Nouadhibou, en s&#8217;attaquant \u00e0 un rassemblement \u00e9lectoral organis\u00e9 par l&#8217;un des candidats \u00e0 la pr\u00e9sidentielle campagne de jeunesse. \u00bb<\/p>\n<p>Le minist\u00e8re public promet qu\u2019aucune indulgence ne sera observ\u00e9e avec les \u00ab\u00a0fauteurs\u00a0\u00bb de trouble et que \u00ables sanctions pr\u00e9vues par les lois et r\u00e8glements en vigueur dans le pays leur seront appliqu\u00e9es. \u00bb<\/p>\n<p>Le minist\u00e8re s\u2019est encore voulu rassurant pour permettre aux citoyens d\u2019exercer librement \u00ab\u00a0leur droit constitutionnel d&#8217;exprimer leurs opinions et de voter pour leur candidat, en toute tranquillit\u00e9 et sans crainte pour leur s\u00e9curit\u00e9 ou leurs biens.&#8221;<\/p>\n<p>A rappeler que la veille de la campagne \u00e9lectorale, plusieurs unit\u00e9s des forces de s\u00e9curit\u00e9 ont \u00e9t\u00e9 d\u00e9ploy\u00e9es dans les centres n\u00e9vralgiques pour assurer le bon d\u00e9roulement de l\u2019\u00e9lection pr\u00e9sidentielle en cours.<\/p>\n","protected":false},"excerpt":{"rendered":"<p>Le minist\u00e8re de l&#8217;Int\u00e9rieur a annonc\u00e9 qu\u2019il fera face avec la plus grande fermet\u00e9 \u00e0 toute tentative de trouble \u00e0 l\u2019ordre et \u00e0 la qui\u00e9tude publics &#8220;quelle qu\u2019en soit la nature ou l\u2019origine&#8221;. Le minist\u00e8re argue que des instructions ont \u00e9t\u00e9 donn\u00e9es, dans ce sens, aux services de s\u00e9curit\u00e9 sur toute l\u2019\u00e9tendue du territoire national. &hellip;<\/p>\n","protected":false},"author":2,"featured_media":9993,"comment_status":"open","ping_status":"open","sticky":false,"template":"","format":"standard","meta":{"footnotes":""},"categories":[18,31],"tags":[],"class_list":["post-9988","post","type-post","status-publish","format-standard","has-post-thumbnail","hentry","category-actualites","category-politique-et-reportages"],"_links":{"self":[{"href":"https:\/\/ladepeche.mr\/index.php?rest_route=\/wp\/v2\/posts\/9988","targetHints":{"allow":["GET"]}}],"collection":[{"href":"https:\/\/ladepeche.mr\/index.php?rest_route=\/wp\/v2\/posts"}],"about":[{"href":"https:\/\/ladepeche.mr\/index.php?rest_route=\/wp\/v2\/types\/post"}],"author":[{"embeddable":true,"href":"https:\/\/ladepeche.mr\/index.php?rest_route=\/wp\/v2\/users\/2"}],"replies":[{"embeddable":true,"href":"https:\/\/ladepeche.mr\/index.php?rest_route=%2Fwp%2Fv2%2Fcomments&post=9988"}],"version-history":[{"count":3,"href":"https:\/\/ladepeche.mr\/index.php?rest_route=\/wp\/v2\/posts\/9988\/revisions"}],"predecessor-version":[{"id":9992,"href":"https:\/\/ladepeche.mr\/index.php?rest_route=\/wp\/v2\/posts\/9988\/revisions\/9992"}],"wp:featuredmedia":[{"embeddable":true,"href":"https:\/\/ladepeche.mr\/index.php?rest_route=\/wp\/v2\/media\/9993"}],"wp:attachment":[{"href":"https:\/\/ladepeche.mr\/index.php?rest_route=%2Fwp%2Fv2%2Fmedia&parent=9988"}],"wp:term":[{"taxonomy":"category","embeddable":true,"href":"https:\/\/ladepeche.mr\/index.php?rest_route=%2Fwp%2Fv2%2Fcategories&post=9988"},{"taxonomy":"post_tag","embeddable":true,"href":"https:\/\/ladepeche.mr\/index.php?rest_route=%2Fwp%2Fv2%2Ftags&post=9988"}],"curies":[{"name":"wp","href":"https:\/\/api.w.org\/{rel}","templated":true}]}}