{"id":9999,"date":"2024-06-26T11:36:16","date_gmt":"2024-06-26T11:36:16","guid":{"rendered":"https:\/\/ladepeche.mr\/?p=9999"},"modified":"2024-06-26T12:12:02","modified_gmt":"2024-06-26T12:12:02","slug":"scrutin-presidentiel-les-derniers-metres-a-franchir","status":"publish","type":"post","link":"https:\/\/ladepeche.mr\/?p=9999","title":{"rendered":"Scrutin pr\u00e9sidentiel\u00a0: Les derniers m\u00e8tres \u00e0 franchir\u2026"},"content":{"rendered":"<p>Les 7 candidats \u00e0 l\u2019\u00e9lection pr\u00e9sidentielle du 29 juin 2024 effectuent les derniers pas de leur campagne \u00e9lectorale, entam\u00e9e le 14 juin, en vue de convaincre leurs compatriotes de leur accorder leur confiance. Pourtant, parmi le 7 personnalit\u00e9s, une seule sera aur\u00e9ol\u00e9e de cette marque, \u00e0 l\u2019issue du scrutin pr\u00e9sidentiel. Si le camp du pr\u00e9sident sortant affiche \u00abbonne mine \u00bb pour voir r\u00e9\u00e9lire son candidat, les autres candidats ne d\u00e9sesp\u00e8rent, pas non plus, de voir le vent de la victoire en porter un \u00e0 la magistrature supr\u00eame. Ces derniers misent sur l\u2019\u00e9ventualit\u00e9 d\u2019un second tour o\u00f9 ils pourraient r\u00e9unir leurs forces au profit du candidat le mieux plac\u00e9 d\u2019entre eux ; encore que le report ne saurait jamais \u00eatre syst\u00e9matique chez leurs \u00e9lecteurs. Mais ce serait la seule alternative viable pour eux. Dans le camp du candidat de la majorit\u00e9, on \u00e9carte du revers de la main toute autre alternative qu\u2019une victoire &#8220;\u00e9crasante&#8221; et au premier tour de l\u2019\u00e9lection. Il n\u2019y aura pas de photo-finish pour d\u00e9partager leur candidat avec les autres estiment-ils. Cette \u00abassurance \u00bb fait m\u00eame dire au pr\u00e9sident sortant et candidat \u00e0 sa propre succession qu\u2019il serait \u00ab le premier \u00e0 f\u00e9liciter \u00bb le pr\u00e9sident \u00e9ventuellement \u00e9lu s\u2019il perdait cette \u00e9lection.<\/p>\n<p>Malgr\u00e9 les couacs s\u00e9curitaires enregistr\u00e9s, dans la nuit de lundi \u00e0 mardi, \u00e0 Nouadhibou et attribu\u00e9s aux militants de l\u2019Ira, qui s\u2019en est d\u00e9fendue, l\u2019ambiance de la campagne a plut\u00f4t \u00e9t\u00e9 sereine pendant ces 14 jours o\u00f9 les candidats ont d\u00e9velopp\u00e9 leurs discours et leurs programmes pour attirer les \u00e9lecteurs partout dans le pays. Une s\u00e9r\u00e9nit\u00e9 qu\u2019il faut -peut-\u00eatre- mettre au compte de la tradition d\u00e9mocratique dans un pays de plus en plus blas\u00e9 \u00e0 ce jeu. Les seuls enjeux de cette \u00e9lection devraient \u00eatre le taux de participation et la capacit\u00e9 de la CENI \u00e0 organiser une \u00e9lection transparente et sans couac.<\/p>\n<p>De El Id MBraeck, \u00e0 Touil au Hodh Gharbi, fustigeant un syst\u00e8me de \u00ab marginalisation et d\u2019injustice \u00bb, \u00a0\u00e0 Bocar B\u00e2 \u00e0 Rosso invitant \u00e0 la vigilance dans les op\u00e9rations \u00e9lectorales, en passant par Biram Dah Abeid, qui dans la m\u00eame moughataa promet de combattre le fl\u00e9au de \u00ab la corruption \u00bb et \u00ab les pr\u00e9dateurs \u00bb des deniers publics, \u00e0 Ghazouani, dans un meeting \u00e0 Nouadhibou, rappelant son bilan et l\u2019investissement \u00a0de \u00ab 150 milliards d\u2019ouguiyas anciennes \u00bb pour leur donner acc\u00e8s aux services sociaux de base, \u00e0 Outoma Soumar\u00e9, \u00e0 Ka\u00e9di, insistant sur l\u2019\u00e9ducation et l\u2019unit\u00e9 nationale, ou encore \u00a0Mohamed Lemine El Mourteji El Wafi, \u00e0 Akjoujt, pr\u00e9tendant \u00eatre \u00ab le seul capable \u00bb d\u2019engager des r\u00e9formes salvatrices pour le pays, sans oublier enfin Hamadi Sidi Mokhtar Mohamed Abdi, qui, \u00e0 A\u00efoun, \u00a0qui a promis de r\u00e9soudre les probl\u00e8mes de \u00ab p\u00e9nurie aigu\u00eb d\u2019\u00e9lectricit\u00e9, d\u2019eau, de services de sant\u00e9 et bien d\u2019autres n\u00e9cessaires \u00e0 la vie \u00bb. Les 7 candidats promettent, chacun, monts et merveilles. Mais seulement une fois \u00e9lu!<\/p>\n<p>Les 7 candidats semblent vouloir terminer leurs campagnes \u00e9lectorales \u00e0 Nouakchott le 27 juin avant de b\u00e9n\u00e9ficier de la journ\u00e9e du silence \u00e9lectorale, le 28 juin, pour ensuite aller \u00e0 leurs bureaux de vote respectifs, le 29 juin 2024, comme tout autre citoyen pour accomplir leurs d\u2019\u00e9lecteurs. Ainsi la boucle sera boucl\u00e9e et on attendra plus que le d\u00e9pouillement du vote. En attendant, chacun prie pour son candidat.<\/p>\n<p>&nbsp;<\/p>\n","protected":false},"excerpt":{"rendered":"<p>Les 7 candidats \u00e0 l\u2019\u00e9lection pr\u00e9sidentielle du 29 juin 2024 effectuent les derniers pas de leur campagne \u00e9lectorale, entam\u00e9e le 14 juin, en vue de convaincre leurs compatriotes de leur accorder leur confiance. Pourtant, parmi le 7 personnalit\u00e9s, une seule sera aur\u00e9ol\u00e9e de cette marque, \u00e0 l\u2019issue du scrutin pr\u00e9sidentiel. Si le camp du pr\u00e9sident &hellip;<\/p>\n","protected":false},"author":2,"featured_media":9371,"comment_status":"open","ping_status":"open","sticky":false,"template":"","format":"standard","meta":{"footnotes":""},"categories":[18,31],"tags":[],"class_list":["post-9999","post","type-post","status-publish","format-standard","has-post-thumbnail","hentry","category-actualites","category-politique-et-reportages"],"_links":{"self":[{"href":"https:\/\/ladepeche.mr\/index.php?rest_route=\/wp\/v2\/posts\/9999","targetHints":{"allow":["GET"]}}],"collection":[{"href":"https:\/\/ladepeche.mr\/index.php?rest_route=\/wp\/v2\/posts"}],"about":[{"href":"https:\/\/ladepeche.mr\/index.php?rest_route=\/wp\/v2\/types\/post"}],"author":[{"embeddable":true,"href":"https:\/\/ladepeche.mr\/index.php?rest_route=\/wp\/v2\/users\/2"}],"replies":[{"embeddable":true,"href":"https:\/\/ladepeche.mr\/index.php?rest_route=%2Fwp%2Fv2%2Fcomments&post=9999"}],"version-history":[{"count":4,"href":"https:\/\/ladepeche.mr\/index.php?rest_route=\/wp\/v2\/posts\/9999\/revisions"}],"predecessor-version":[{"id":10003,"href":"https:\/\/ladepeche.mr\/index.php?rest_route=\/wp\/v2\/posts\/9999\/revisions\/10003"}],"wp:featuredmedia":[{"embeddable":true,"href":"https:\/\/ladepeche.mr\/index.php?rest_route=\/wp\/v2\/media\/9371"}],"wp:attachment":[{"href":"https:\/\/ladepeche.mr\/index.php?rest_route=%2Fwp%2Fv2%2Fmedia&parent=9999"}],"wp:term":[{"taxonomy":"category","embeddable":true,"href":"https:\/\/ladepeche.mr\/index.php?rest_route=%2Fwp%2Fv2%2Fcategories&post=9999"},{"taxonomy":"post_tag","embeddable":true,"href":"https:\/\/ladepeche.mr\/index.php?rest_route=%2Fwp%2Fv2%2Ftags&post=9999"}],"curies":[{"name":"wp","href":"https:\/\/api.w.org\/{rel}","templated":true}]}}